{"id":65,"date":"2023-09-26T11:36:30","date_gmt":"2023-09-26T09:36:30","guid":{"rendered":"https:\/\/ape-copello.org\/?page_id=65"},"modified":"2024-05-16T15:35:14","modified_gmt":"2024-05-16T13:35:14","slug":"parents-delegue-e-s","status":"publish","type":"post","link":"https:\/\/ape-copello.org\/?p=65","title":{"rendered":"Parents d\u00e9l\u00e9gu\u00e9.e.s"},"content":{"rendered":"\n<p>Les parents d\u00e9l\u00e9gu\u00e9.e.s, deux par classe, sont des repr\u00e9sentants et repr\u00e9sentantes \u00e9lues des parents d\u2019\u00e9l\u00e8ves. Recours, au besoin m\u00e9diateurs et m\u00e9diatrices entre parents et \u00e9quipe p\u00e9dagogique, iels participent trois fois par an aux Conseils d\u2019Ecole, qui r\u00e9unissent le directeur, les instituteurs et institutrices, la cantini\u00e8re, une ou plusieurs tatas, le responsable de la mairie en charge de l\u2019\u00e9cole, un ou une \u00e9lue de secteur et les parents d\u00e9l\u00e9gu\u00e9.e.s.<\/p>\n\n\n\n<p>Tous les parents peuvent se porter candidat.e.s, les candidatures ont lieu en septembre et le scrutin en octobre. La liste pr\u00e9sent\u00e9e est par continuit\u00e9 affili\u00e9e FCPE, mais si des parents veulent monter une autre liste affili\u00e9e \u00e0 une autre f\u00e9d\u00e9ration, libre \u00e0 elleux.<\/p>\n\n\n\n<p><strong>Parents d\u00e9l\u00e9gu\u00e9.e.s 2023-2024&nbsp;:<\/strong><\/p>\n\n\n\n<p><strong>PSMS1 \u2013 Fran\u00e7oise Savostianoff et Laura Goncalves Pereira<\/strong><\/p>\n\n\n\n<ul class=\"wp-block-list\">\n<li>Sonia Chegrani Silva, <em>maman d\u2019Hazel<\/em><\/li>\n\n\n\n<li>Olivier Cadier, <em>papa d\u2019Hugo<\/em><\/li>\n<\/ul>\n\n\n\n<p><strong>PSMS \u2013 Camille Mesuret<\/strong><\/p>\n\n\n\n<ul class=\"wp-block-list\">\n<li>Marion Serre, <em>maman d\u2019Arturo<\/em><\/li>\n\n\n\n<li>Charlotte Delnatte, <em>maman de Siham<\/em><\/li>\n<\/ul>\n\n\n\n<p><strong>PSMS3 \u2013 Val\u00e9rie Guermonprez<\/strong><\/p>\n\n\n\n<ul class=\"wp-block-list\">\n<li>Ludivine Feral, <em>maman de Marin<\/em><\/li>\n\n\n\n<li>M\u00e9lanie Guigou, <em>maman de Charlie<\/em><\/li>\n<\/ul>\n\n\n\n<p><strong>PSMS4 \u2013 V\u00e9ronique Richard<\/strong><\/p>\n\n\n\n<ul class=\"wp-block-list\">\n<li>Ariane Jonas, <em>maman de Maya<\/em><\/li>\n\n\n\n<li>Daniela Lanzuisi, <em>maman d\u2019Esteban<\/em><\/li>\n<\/ul>\n\n\n\n<p><strong>PSMS5 \u2013 Euria Tabita<\/strong><\/p>\n\n\n\n<ul class=\"wp-block-list\">\n<li>Olivia Fauvelle, <em>maman de Robin<\/em><\/li>\n\n\n\n<li>Camille Videcoq, <em>maman d\u2019Antonia<\/em><\/li>\n<\/ul>\n\n\n\n<p><strong>MS \u2013 Eva Grygielewicz<\/strong><\/p>\n\n\n\n<ul class=\"wp-block-list\">\n<li>Barbara Chossis, <em>maman de Pia<\/em><\/li>\n\n\n\n<li>B\u00e9n\u00e9dicte P\u00e9lestin, <em>maman d\u2019Isma\u00ebl<\/em><\/li>\n<\/ul>\n\n\n\n<p><strong>GS1 \u2013 Hakim Traikia et Sarah Bak-Plaquet<\/strong><\/p>\n\n\n\n<ul class=\"wp-block-list\">\n<li>Emmanuel Picaud, <em>papa d\u2019Anouk<\/em><\/li>\n\n\n\n<li>Soline Delcros, <em>maman de Sacha<\/em><\/li>\n<\/ul>\n\n\n\n<p><strong>GS2 \u2013 Renaud Martini<\/strong><\/p>\n\n\n\n<ul class=\"wp-block-list\">\n<li>Mahmoud Soussi, <em>papa de Mahel<\/em><\/li>\n\n\n\n<li>Oc\u00e9ane Lantez, <em>maman de Nina<\/em><\/li>\n<\/ul>\n\n\n\n<p><strong>GS3 \u2013 Ga\u00ebl Le Tiec<\/strong><\/p>\n\n\n\n<ul class=\"wp-block-list\">\n<li>S\u00e9bastien Llaurens, <em>papa de Melvil<\/em><\/li>\n\n\n\n<li>Elsa Cassili, <em>maman de Rosalie<\/em><\/li>\n<\/ul>\n\n\n\n<p><\/p>\n","protected":false},"excerpt":{"rendered":"<p>Les parents d\u00e9l\u00e9gu\u00e9.e.s, deux par classe, sont des repr\u00e9sentants et repr\u00e9sentantes \u00e9lues des parents d\u2019\u00e9l\u00e8ves. Recours, au besoin m\u00e9diateurs et m\u00e9diatrices entre parents et \u00e9quipe p\u00e9dagogique, iels participent trois fois par an aux Conseils d\u2019Ecole, qui r\u00e9unissent le directeur, les instituteurs et institutrices, la cantini\u00e8re, une ou plusieurs tatas, le responsable de la mairie en [&hellip;]<\/p>\n","protected":false},"author":1,"featured_media":0,"comment_status":"closed","ping_status":"closed","sticky":false,"template":"","format":"standard","meta":{"_acf_changed":false,"footnotes":""},"categories":[],"tags":[],"class_list":["post-65","post","type-post","status-publish","format-standard","hentry"],"acf":[],"yoast_head":"<!-- This site is optimized with the Yoast SEO plugin v26.1.1 - https:\/\/yoast.com\/wordpress\/plugins\/seo\/ -->\n<title>Parents d\u00e9l\u00e9gu\u00e9.e.s -<\/title>\n<meta name=\"robots\" content=\"index, follow, max-snippet:-1, max-image-preview:large, max-video-preview:-1\" \/>\n<link rel=\"canonical\" href=\"https:\/\/ape-copello.org\/?page_id=65\" \/>\n<meta property=\"og:locale\" content=\"en_US\" \/>\n<meta property=\"og:type\" content=\"article\" \/>\n<meta property=\"og:title\" content=\"Parents d\u00e9l\u00e9gu\u00e9.e.s -\" \/>\n<meta property=\"og:description\" content=\"Les parents d\u00e9l\u00e9gu\u00e9.e.s, deux par classe, sont des repr\u00e9sentants et repr\u00e9sentantes \u00e9lues des parents d\u2019\u00e9l\u00e8ves. Recours, au besoin m\u00e9diateurs et m\u00e9diatrices entre parents et \u00e9quipe p\u00e9dagogique, iels participent trois fois par an aux Conseils d\u2019Ecole, qui r\u00e9unissent le directeur, les instituteurs et institutrices, la cantini\u00e8re, une ou plusieurs tatas, le responsable de la mairie en [&hellip;]\" \/>\n<meta property=\"og:url\" content=\"https:\/\/ape-copello.org\/?page_id=65\" \/>\n<meta property=\"article:modified_time\" content=\"2024-05-16T13:35:14+00:00\" \/>\n<meta name=\"twitter:card\" content=\"summary_large_image\" \/>\n<meta name=\"twitter:label1\" content=\"Est. reading time\" \/>\n\t<meta name=\"twitter:data1\" content=\"2 minutes\" \/>\n<script type=\"application\/ld+json\" class=\"yoast-schema-graph\">{\"@context\":\"https:\/\/schema.org\",\"@graph\":[{\"@type\":\"WebPage\",\"@id\":\"https:\/\/ape-copello.org\/?page_id=65\",\"url\":\"https:\/\/ape-copello.org\/?page_id=65\",\"name\":\"Parents d\u00e9l\u00e9gu\u00e9.e.s -\",\"isPartOf\":{\"@id\":\"https:\/\/ape-copello.org\/#website\"},\"datePublished\":\"2023-09-26T09:36:30+00:00\",\"dateModified\":\"2024-05-16T13:35:14+00:00\",\"breadcrumb\":{\"@id\":\"https:\/\/ape-copello.org\/?page_id=65#breadcrumb\"},\"inLanguage\":\"en-US\",\"potentialAction\":[{\"@type\":\"ReadAction\",\"target\":[\"https:\/\/ape-copello.org\/?page_id=65\"]}]},{\"@type\":\"BreadcrumbList\",\"@id\":\"https:\/\/ape-copello.org\/?page_id=65#breadcrumb\",\"itemListElement\":[{\"@type\":\"ListItem\",\"position\":1,\"name\":\"Accueil\",\"item\":\"https:\/\/ape-copello.org\/\"},{\"@type\":\"ListItem\",\"position\":2,\"name\":\"Parents d\u00e9l\u00e9gu\u00e9.e.s\"}]},{\"@type\":\"WebSite\",\"@id\":\"https:\/\/ape-copello.org\/#website\",\"url\":\"https:\/\/ape-copello.org\/\",\"name\":\"\",\"description\":\"\",\"potentialAction\":[{\"@type\":\"SearchAction\",\"target\":{\"@type\":\"EntryPoint\",\"urlTemplate\":\"https:\/\/ape-copello.org\/?s={search_term_string}\"},\"query-input\":{\"@type\":\"PropertyValueSpecification\",\"valueRequired\":true,\"valueName\":\"search_term_string\"}}],\"inLanguage\":\"en-US\"}]}<\/script>\n<!-- \/ Yoast SEO plugin. -->","yoast_head_json":{"title":"Parents d\u00e9l\u00e9gu\u00e9.e.s -","robots":{"index":"index","follow":"follow","max-snippet":"max-snippet:-1","max-image-preview":"max-image-preview:large","max-video-preview":"max-video-preview:-1"},"canonical":"https:\/\/ape-copello.org\/?page_id=65","og_locale":"en_US","og_type":"article","og_title":"Parents d\u00e9l\u00e9gu\u00e9.e.s -","og_description":"Les parents d\u00e9l\u00e9gu\u00e9.e.s, deux par classe, sont des repr\u00e9sentants et repr\u00e9sentantes \u00e9lues des parents d\u2019\u00e9l\u00e8ves. Recours, au besoin m\u00e9diateurs et m\u00e9diatrices entre parents et \u00e9quipe p\u00e9dagogique, iels participent trois fois par an aux Conseils d\u2019Ecole, qui r\u00e9unissent le directeur, les instituteurs et institutrices, la cantini\u00e8re, une ou plusieurs tatas, le responsable de la mairie en [&hellip;]","og_url":"https:\/\/ape-copello.org\/?page_id=65","article_modified_time":"2024-05-16T13:35:14+00:00","twitter_card":"summary_large_image","twitter_misc":{"Est. reading time":"2 minutes"},"schema":{"@context":"https:\/\/schema.org","@graph":[{"@type":"WebPage","@id":"https:\/\/ape-copello.org\/?page_id=65","url":"https:\/\/ape-copello.org\/?page_id=65","name":"Parents d\u00e9l\u00e9gu\u00e9.e.s -","isPartOf":{"@id":"https:\/\/ape-copello.org\/#website"},"datePublished":"2023-09-26T09:36:30+00:00","dateModified":"2024-05-16T13:35:14+00:00","breadcrumb":{"@id":"https:\/\/ape-copello.org\/?page_id=65#breadcrumb"},"inLanguage":"en-US","potentialAction":[{"@type":"ReadAction","target":["https:\/\/ape-copello.org\/?page_id=65"]}]},{"@type":"BreadcrumbList","@id":"https:\/\/ape-copello.org\/?page_id=65#breadcrumb","itemListElement":[{"@type":"ListItem","position":1,"name":"Accueil","item":"https:\/\/ape-copello.org\/"},{"@type":"ListItem","position":2,"name":"Parents d\u00e9l\u00e9gu\u00e9.e.s"}]},{"@type":"WebSite","@id":"https:\/\/ape-copello.org\/#website","url":"https:\/\/ape-copello.org\/","name":"","description":"","potentialAction":[{"@type":"SearchAction","target":{"@type":"EntryPoint","urlTemplate":"https:\/\/ape-copello.org\/?s={search_term_string}"},"query-input":{"@type":"PropertyValueSpecification","valueRequired":true,"valueName":"search_term_string"}}],"inLanguage":"en-US"}]}},"_links":{"self":[{"href":"https:\/\/ape-copello.org\/index.php?rest_route=\/wp\/v2\/posts\/65","targetHints":{"allow":["GET"]}}],"collection":[{"href":"https:\/\/ape-copello.org\/index.php?rest_route=\/wp\/v2\/posts"}],"about":[{"href":"https:\/\/ape-copello.org\/index.php?rest_route=\/wp\/v2\/types\/post"}],"author":[{"embeddable":true,"href":"https:\/\/ape-copello.org\/index.php?rest_route=\/wp\/v2\/users\/1"}],"replies":[{"embeddable":true,"href":"https:\/\/ape-copello.org\/index.php?rest_route=%2Fwp%2Fv2%2Fcomments&post=65"}],"version-history":[{"count":0,"href":"https:\/\/ape-copello.org\/index.php?rest_route=\/wp\/v2\/posts\/65\/revisions"}],"wp:attachment":[{"href":"https:\/\/ape-copello.org\/index.php?rest_route=%2Fwp%2Fv2%2Fmedia&parent=65"}],"wp:term":[{"taxonomy":"category","embeddable":true,"href":"https:\/\/ape-copello.org\/index.php?rest_route=%2Fwp%2Fv2%2Fcategories&post=65"},{"taxonomy":"post_tag","embeddable":true,"href":"https:\/\/ape-copello.org\/index.php?rest_route=%2Fwp%2Fv2%2Ftags&post=65"}],"curies":[{"name":"wp","href":"https:\/\/api.w.org\/{rel}","templated":true}]}}