{"id":53,"date":"2023-09-26T11:35:37","date_gmt":"2023-09-26T09:35:37","guid":{"rendered":"https:\/\/ape-copello.org\/?page_id=53"},"modified":"2024-05-16T15:27:10","modified_gmt":"2024-05-16T13:27:10","slug":"vegetalisation-de-lecole","status":"publish","type":"post","link":"https:\/\/ape-copello.org\/?p=53","title":{"rendered":"V\u00e9g\u00e9talisation de l\\&#8217;\u00e9cole"},"content":{"rendered":"\n<p>En co-r\u00e9alisation avec l\u2019\u00e9quipe p\u00e9dagogique et les enfants, \u00e7a commence au printemps&nbsp;!<\/p>\n\n\n\n<p>Dans un premier temps dans les cours de r\u00e9cr\u00e9ation, l\u2019\u00e9cole est \u00e9galement en attente de l\u2019authorisation pour r\u00e9habiliter les jardini\u00e8res sur la terrasse et ce serait chouette de monter une \u00e9quipe pour sauver le petit jardin.<\/p>\n\n\n\n<p>Appel aux jardini\u00e8res et jardiniers&nbsp;!<\/p>\n\n\n\n<p>Contact&nbsp;: Julien (Papa de Marin) \u2013 <a href=\\\"mailto:julienvillalard@gmail.com\\\">julienvillalard@gmail.com<\/a> \/ 0601741636<\/p>\n","protected":false},"excerpt":{"rendered":"<p>En co-r\u00e9alisation avec l\u2019\u00e9quipe p\u00e9dagogique et les enfants, \u00e7a commence au printemps&nbsp;! Dans un premier temps dans les cours de r\u00e9cr\u00e9ation, l\u2019\u00e9cole est \u00e9galement en attente de l\u2019authorisation pour r\u00e9habiliter les jardini\u00e8res sur la terrasse et ce serait chouette de monter une \u00e9quipe pour sauver le petit jardin. Appel aux jardini\u00e8res et jardiniers&nbsp;! Contact&nbsp;: Julien [&hellip;]<\/p>\n","protected":false},"author":1,"featured_media":0,"comment_status":"closed","ping_status":"closed","sticky":false,"template":"","format":"standard","meta":{"_acf_changed":false,"footnotes":""},"categories":[],"tags":[],"class_list":["post-53","post","type-post","status-publish","format-standard","hentry"],"acf":[],"yoast_head":"<!-- This site is optimized with the Yoast SEO plugin v26.1.1 - https:\/\/yoast.com\/wordpress\/plugins\/seo\/ -->\n<title>V\u00e9g\u00e9talisation de l\\&#039;\u00e9cole -<\/title>\n<meta name=\"robots\" content=\"index, follow, max-snippet:-1, max-image-preview:large, max-video-preview:-1\" \/>\n<link rel=\"canonical\" href=\"https:\/\/ape-copello.org\/?page_id=53\" \/>\n<meta property=\"og:locale\" content=\"en_US\" \/>\n<meta property=\"og:type\" content=\"article\" \/>\n<meta property=\"og:title\" content=\"V\u00e9g\u00e9talisation de l\\&#039;\u00e9cole -\" \/>\n<meta property=\"og:description\" content=\"En co-r\u00e9alisation avec l\u2019\u00e9quipe p\u00e9dagogique et les enfants, \u00e7a commence au printemps&nbsp;! Dans un premier temps dans les cours de r\u00e9cr\u00e9ation, l\u2019\u00e9cole est \u00e9galement en attente de l\u2019authorisation pour r\u00e9habiliter les jardini\u00e8res sur la terrasse et ce serait chouette de monter une \u00e9quipe pour sauver le petit jardin. Appel aux jardini\u00e8res et jardiniers&nbsp;! Contact&nbsp;: Julien [&hellip;]\" \/>\n<meta property=\"og:url\" content=\"https:\/\/ape-copello.org\/?page_id=53\" \/>\n<meta property=\"article:modified_time\" content=\"2024-05-16T13:27:10+00:00\" \/>\n<meta name=\"twitter:card\" content=\"summary_large_image\" \/>\n<meta name=\"twitter:label1\" content=\"Est. reading time\" \/>\n\t<meta name=\"twitter:data1\" content=\"1 minute\" \/>\n<script type=\"application\/ld+json\" class=\"yoast-schema-graph\">{\"@context\":\"https:\/\/schema.org\",\"@graph\":[{\"@type\":\"WebPage\",\"@id\":\"https:\/\/ape-copello.org\/?page_id=53\",\"url\":\"https:\/\/ape-copello.org\/?page_id=53\",\"name\":\"V\u00e9g\u00e9talisation de l\\\\'\u00e9cole -\",\"isPartOf\":{\"@id\":\"https:\/\/ape-copello.org\/#website\"},\"datePublished\":\"2023-09-26T09:35:37+00:00\",\"dateModified\":\"2024-05-16T13:27:10+00:00\",\"breadcrumb\":{\"@id\":\"https:\/\/ape-copello.org\/?page_id=53#breadcrumb\"},\"inLanguage\":\"en-US\",\"potentialAction\":[{\"@type\":\"ReadAction\",\"target\":[\"https:\/\/ape-copello.org\/?page_id=53\"]}]},{\"@type\":\"BreadcrumbList\",\"@id\":\"https:\/\/ape-copello.org\/?page_id=53#breadcrumb\",\"itemListElement\":[{\"@type\":\"ListItem\",\"position\":1,\"name\":\"Accueil\",\"item\":\"https:\/\/ape-copello.org\/\"},{\"@type\":\"ListItem\",\"position\":2,\"name\":\"V\u00e9g\u00e9talisation de l&#8217;\u00e9cole\"}]},{\"@type\":\"WebSite\",\"@id\":\"https:\/\/ape-copello.org\/#website\",\"url\":\"https:\/\/ape-copello.org\/\",\"name\":\"\",\"description\":\"\",\"potentialAction\":[{\"@type\":\"SearchAction\",\"target\":{\"@type\":\"EntryPoint\",\"urlTemplate\":\"https:\/\/ape-copello.org\/?s={search_term_string}\"},\"query-input\":{\"@type\":\"PropertyValueSpecification\",\"valueRequired\":true,\"valueName\":\"search_term_string\"}}],\"inLanguage\":\"en-US\"}]}<\/script>\n<!-- \/ Yoast SEO plugin. -->","yoast_head_json":{"title":"V\u00e9g\u00e9talisation de l\\'\u00e9cole -","robots":{"index":"index","follow":"follow","max-snippet":"max-snippet:-1","max-image-preview":"max-image-preview:large","max-video-preview":"max-video-preview:-1"},"canonical":"https:\/\/ape-copello.org\/?page_id=53","og_locale":"en_US","og_type":"article","og_title":"V\u00e9g\u00e9talisation de l\\'\u00e9cole -","og_description":"En co-r\u00e9alisation avec l\u2019\u00e9quipe p\u00e9dagogique et les enfants, \u00e7a commence au printemps&nbsp;! Dans un premier temps dans les cours de r\u00e9cr\u00e9ation, l\u2019\u00e9cole est \u00e9galement en attente de l\u2019authorisation pour r\u00e9habiliter les jardini\u00e8res sur la terrasse et ce serait chouette de monter une \u00e9quipe pour sauver le petit jardin. Appel aux jardini\u00e8res et jardiniers&nbsp;! Contact&nbsp;: Julien [&hellip;]","og_url":"https:\/\/ape-copello.org\/?page_id=53","article_modified_time":"2024-05-16T13:27:10+00:00","twitter_card":"summary_large_image","twitter_misc":{"Est. reading time":"1 minute"},"schema":{"@context":"https:\/\/schema.org","@graph":[{"@type":"WebPage","@id":"https:\/\/ape-copello.org\/?page_id=53","url":"https:\/\/ape-copello.org\/?page_id=53","name":"V\u00e9g\u00e9talisation de l\\'\u00e9cole -","isPartOf":{"@id":"https:\/\/ape-copello.org\/#website"},"datePublished":"2023-09-26T09:35:37+00:00","dateModified":"2024-05-16T13:27:10+00:00","breadcrumb":{"@id":"https:\/\/ape-copello.org\/?page_id=53#breadcrumb"},"inLanguage":"en-US","potentialAction":[{"@type":"ReadAction","target":["https:\/\/ape-copello.org\/?page_id=53"]}]},{"@type":"BreadcrumbList","@id":"https:\/\/ape-copello.org\/?page_id=53#breadcrumb","itemListElement":[{"@type":"ListItem","position":1,"name":"Accueil","item":"https:\/\/ape-copello.org\/"},{"@type":"ListItem","position":2,"name":"V\u00e9g\u00e9talisation de l&#8217;\u00e9cole"}]},{"@type":"WebSite","@id":"https:\/\/ape-copello.org\/#website","url":"https:\/\/ape-copello.org\/","name":"","description":"","potentialAction":[{"@type":"SearchAction","target":{"@type":"EntryPoint","urlTemplate":"https:\/\/ape-copello.org\/?s={search_term_string}"},"query-input":{"@type":"PropertyValueSpecification","valueRequired":true,"valueName":"search_term_string"}}],"inLanguage":"en-US"}]}},"_links":{"self":[{"href":"https:\/\/ape-copello.org\/index.php?rest_route=\/wp\/v2\/posts\/53","targetHints":{"allow":["GET"]}}],"collection":[{"href":"https:\/\/ape-copello.org\/index.php?rest_route=\/wp\/v2\/posts"}],"about":[{"href":"https:\/\/ape-copello.org\/index.php?rest_route=\/wp\/v2\/types\/post"}],"author":[{"embeddable":true,"href":"https:\/\/ape-copello.org\/index.php?rest_route=\/wp\/v2\/users\/1"}],"replies":[{"embeddable":true,"href":"https:\/\/ape-copello.org\/index.php?rest_route=%2Fwp%2Fv2%2Fcomments&post=53"}],"version-history":[{"count":0,"href":"https:\/\/ape-copello.org\/index.php?rest_route=\/wp\/v2\/posts\/53\/revisions"}],"wp:attachment":[{"href":"https:\/\/ape-copello.org\/index.php?rest_route=%2Fwp%2Fv2%2Fmedia&parent=53"}],"wp:term":[{"taxonomy":"category","embeddable":true,"href":"https:\/\/ape-copello.org\/index.php?rest_route=%2Fwp%2Fv2%2Fcategories&post=53"},{"taxonomy":"post_tag","embeddable":true,"href":"https:\/\/ape-copello.org\/index.php?rest_route=%2Fwp%2Fv2%2Ftags&post=53"}],"curies":[{"name":"wp","href":"https:\/\/api.w.org\/{rel}","templated":true}]}}