{"id":52,"date":"2023-09-26T11:35:31","date_gmt":"2023-09-26T09:35:31","guid":{"rendered":"https:\/\/ape-copello.org\/?page_id=52"},"modified":"2024-05-16T15:26:47","modified_gmt":"2024-05-16T13:26:47","slug":"embellissement-de-lecole","status":"publish","type":"post","link":"https:\/\/ape-copello.org\/?p=52","title":{"rendered":"Embellissement de l\\&#8217;\u00e9cole"},"content":{"rendered":"\n<p>En co-r\u00e9alisation avec l\u2019\u00e9quipe p\u00e9dagogique et les enfants, il s\u2019agit de rendre l\u2019entr\u00e9e de l\u2019\u00e9cole plus belle, plus engageante et mieux respect\u00e9e.<\/p>\n\n\n\n<p>Mosa\u00efque c\u00e9l\u00e9brant la richesse de la pluralit\u00e9 des langues et des cultures des enfants de l\u2019\u00e9cole sur la fa\u00e7ade (encadr\u00e9e par un.e artiste), peinture au sol et aux murs, mobilier urbain, le projet artistique est en cours de d\u00e9finition, mais pour s\u00fbr il va y avoir besoin d\u2019artistes&nbsp;!<\/p>\n\n\n\n<p>Contact&nbsp;: <a href=\\\"mailto:parents.ecolecopello@gmail.com\\\">parents.ecolecopello@gmail.com<\/a><\/p>\n\n\n\n<p><br><\/p>\n","protected":false},"excerpt":{"rendered":"<p>En co-r\u00e9alisation avec l\u2019\u00e9quipe p\u00e9dagogique et les enfants, il s\u2019agit de rendre l\u2019entr\u00e9e de l\u2019\u00e9cole plus belle, plus engageante et mieux respect\u00e9e. Mosa\u00efque c\u00e9l\u00e9brant la richesse de la pluralit\u00e9 des langues et des cultures des enfants de l\u2019\u00e9cole sur la fa\u00e7ade (encadr\u00e9e par un.e artiste), peinture au sol et aux murs, mobilier urbain, le projet [&hellip;]<\/p>\n","protected":false},"author":1,"featured_media":0,"comment_status":"closed","ping_status":"closed","sticky":false,"template":"","format":"standard","meta":{"_acf_changed":false,"footnotes":""},"categories":[],"tags":[],"class_list":["post-52","post","type-post","status-publish","format-standard","hentry"],"acf":[],"yoast_head":"<!-- This site is optimized with the Yoast SEO plugin v26.1.1 - https:\/\/yoast.com\/wordpress\/plugins\/seo\/ -->\n<title>Embellissement de l\\&#039;\u00e9cole -<\/title>\n<meta name=\"robots\" content=\"index, follow, max-snippet:-1, max-image-preview:large, max-video-preview:-1\" \/>\n<link rel=\"canonical\" href=\"https:\/\/ape-copello.org\/?page_id=52\" \/>\n<meta property=\"og:locale\" content=\"en_US\" \/>\n<meta property=\"og:type\" content=\"article\" \/>\n<meta property=\"og:title\" content=\"Embellissement de l\\&#039;\u00e9cole -\" \/>\n<meta property=\"og:description\" content=\"En co-r\u00e9alisation avec l\u2019\u00e9quipe p\u00e9dagogique et les enfants, il s\u2019agit de rendre l\u2019entr\u00e9e de l\u2019\u00e9cole plus belle, plus engageante et mieux respect\u00e9e. Mosa\u00efque c\u00e9l\u00e9brant la richesse de la pluralit\u00e9 des langues et des cultures des enfants de l\u2019\u00e9cole sur la fa\u00e7ade (encadr\u00e9e par un.e artiste), peinture au sol et aux murs, mobilier urbain, le projet [&hellip;]\" \/>\n<meta property=\"og:url\" content=\"https:\/\/ape-copello.org\/?page_id=52\" \/>\n<meta property=\"article:modified_time\" content=\"2024-05-16T13:26:47+00:00\" \/>\n<meta name=\"twitter:card\" content=\"summary_large_image\" \/>\n<meta name=\"twitter:label1\" content=\"Est. reading time\" \/>\n\t<meta name=\"twitter:data1\" content=\"1 minute\" \/>\n<script type=\"application\/ld+json\" class=\"yoast-schema-graph\">{\"@context\":\"https:\/\/schema.org\",\"@graph\":[{\"@type\":\"WebPage\",\"@id\":\"https:\/\/ape-copello.org\/?page_id=52\",\"url\":\"https:\/\/ape-copello.org\/?page_id=52\",\"name\":\"Embellissement de l\\\\'\u00e9cole -\",\"isPartOf\":{\"@id\":\"https:\/\/ape-copello.org\/#website\"},\"datePublished\":\"2023-09-26T09:35:31+00:00\",\"dateModified\":\"2024-05-16T13:26:47+00:00\",\"breadcrumb\":{\"@id\":\"https:\/\/ape-copello.org\/?page_id=52#breadcrumb\"},\"inLanguage\":\"en-US\",\"potentialAction\":[{\"@type\":\"ReadAction\",\"target\":[\"https:\/\/ape-copello.org\/?page_id=52\"]}]},{\"@type\":\"BreadcrumbList\",\"@id\":\"https:\/\/ape-copello.org\/?page_id=52#breadcrumb\",\"itemListElement\":[{\"@type\":\"ListItem\",\"position\":1,\"name\":\"Accueil\",\"item\":\"https:\/\/ape-copello.org\/\"},{\"@type\":\"ListItem\",\"position\":2,\"name\":\"Embellissement de l&#8217;\u00e9cole\"}]},{\"@type\":\"WebSite\",\"@id\":\"https:\/\/ape-copello.org\/#website\",\"url\":\"https:\/\/ape-copello.org\/\",\"name\":\"\",\"description\":\"\",\"potentialAction\":[{\"@type\":\"SearchAction\",\"target\":{\"@type\":\"EntryPoint\",\"urlTemplate\":\"https:\/\/ape-copello.org\/?s={search_term_string}\"},\"query-input\":{\"@type\":\"PropertyValueSpecification\",\"valueRequired\":true,\"valueName\":\"search_term_string\"}}],\"inLanguage\":\"en-US\"}]}<\/script>\n<!-- \/ Yoast SEO plugin. -->","yoast_head_json":{"title":"Embellissement de l\\'\u00e9cole -","robots":{"index":"index","follow":"follow","max-snippet":"max-snippet:-1","max-image-preview":"max-image-preview:large","max-video-preview":"max-video-preview:-1"},"canonical":"https:\/\/ape-copello.org\/?page_id=52","og_locale":"en_US","og_type":"article","og_title":"Embellissement de l\\'\u00e9cole -","og_description":"En co-r\u00e9alisation avec l\u2019\u00e9quipe p\u00e9dagogique et les enfants, il s\u2019agit de rendre l\u2019entr\u00e9e de l\u2019\u00e9cole plus belle, plus engageante et mieux respect\u00e9e. Mosa\u00efque c\u00e9l\u00e9brant la richesse de la pluralit\u00e9 des langues et des cultures des enfants de l\u2019\u00e9cole sur la fa\u00e7ade (encadr\u00e9e par un.e artiste), peinture au sol et aux murs, mobilier urbain, le projet [&hellip;]","og_url":"https:\/\/ape-copello.org\/?page_id=52","article_modified_time":"2024-05-16T13:26:47+00:00","twitter_card":"summary_large_image","twitter_misc":{"Est. reading time":"1 minute"},"schema":{"@context":"https:\/\/schema.org","@graph":[{"@type":"WebPage","@id":"https:\/\/ape-copello.org\/?page_id=52","url":"https:\/\/ape-copello.org\/?page_id=52","name":"Embellissement de l\\'\u00e9cole -","isPartOf":{"@id":"https:\/\/ape-copello.org\/#website"},"datePublished":"2023-09-26T09:35:31+00:00","dateModified":"2024-05-16T13:26:47+00:00","breadcrumb":{"@id":"https:\/\/ape-copello.org\/?page_id=52#breadcrumb"},"inLanguage":"en-US","potentialAction":[{"@type":"ReadAction","target":["https:\/\/ape-copello.org\/?page_id=52"]}]},{"@type":"BreadcrumbList","@id":"https:\/\/ape-copello.org\/?page_id=52#breadcrumb","itemListElement":[{"@type":"ListItem","position":1,"name":"Accueil","item":"https:\/\/ape-copello.org\/"},{"@type":"ListItem","position":2,"name":"Embellissement de l&#8217;\u00e9cole"}]},{"@type":"WebSite","@id":"https:\/\/ape-copello.org\/#website","url":"https:\/\/ape-copello.org\/","name":"","description":"","potentialAction":[{"@type":"SearchAction","target":{"@type":"EntryPoint","urlTemplate":"https:\/\/ape-copello.org\/?s={search_term_string}"},"query-input":{"@type":"PropertyValueSpecification","valueRequired":true,"valueName":"search_term_string"}}],"inLanguage":"en-US"}]}},"_links":{"self":[{"href":"https:\/\/ape-copello.org\/index.php?rest_route=\/wp\/v2\/posts\/52","targetHints":{"allow":["GET"]}}],"collection":[{"href":"https:\/\/ape-copello.org\/index.php?rest_route=\/wp\/v2\/posts"}],"about":[{"href":"https:\/\/ape-copello.org\/index.php?rest_route=\/wp\/v2\/types\/post"}],"author":[{"embeddable":true,"href":"https:\/\/ape-copello.org\/index.php?rest_route=\/wp\/v2\/users\/1"}],"replies":[{"embeddable":true,"href":"https:\/\/ape-copello.org\/index.php?rest_route=%2Fwp%2Fv2%2Fcomments&post=52"}],"version-history":[{"count":0,"href":"https:\/\/ape-copello.org\/index.php?rest_route=\/wp\/v2\/posts\/52\/revisions"}],"wp:attachment":[{"href":"https:\/\/ape-copello.org\/index.php?rest_route=%2Fwp%2Fv2%2Fmedia&parent=52"}],"wp:term":[{"taxonomy":"category","embeddable":true,"href":"https:\/\/ape-copello.org\/index.php?rest_route=%2Fwp%2Fv2%2Fcategories&post=52"},{"taxonomy":"post_tag","embeddable":true,"href":"https:\/\/ape-copello.org\/index.php?rest_route=%2Fwp%2Fv2%2Ftags&post=52"}],"curies":[{"name":"wp","href":"https:\/\/api.w.org\/{rel}","templated":true}]}}