{"id":40,"date":"2023-09-26T11:34:07","date_gmt":"2023-09-26T09:34:07","guid":{"rendered":"https:\/\/ape-copello.org\/?page_id=40"},"modified":"2024-05-16T15:23:29","modified_gmt":"2024-05-16T13:23:29","slug":"kermesse-dete","status":"publish","type":"post","link":"https:\/\/ape-copello.org\/?p=40","title":{"rendered":"Kermesse d\\&#8217;\u00c9t\u00e9"},"content":{"rendered":"\n<p>Elle aura lieu le vendredi 14 juin 2024 \u00e0 partir de 16h30 et sera co-organis\u00e9e avec l\u2019\u00e9cole. Repr\u00e9sentation de la chorale, stands de jeux, concert, l\u2019APE prendra en charge jeux, concert, f\u00eate et buvette et a toujours besoin de parents volontaires pour aider \u00e0 l\u2019organisation.<\/p>\n\n\n\n<p>Contact&nbsp;: Nicolas (Papa de Nina) \u2013 <a href=\\\"mailto:rutilynicolas@gmail.com\\\">rutilynicolas@gmail.com<\/a> \/ 0695590448<\/p>\n","protected":false},"excerpt":{"rendered":"<p>Elle aura lieu le vendredi 14 juin 2024 \u00e0 partir de 16h30 et sera co-organis\u00e9e avec l\u2019\u00e9cole. Repr\u00e9sentation de la chorale, stands de jeux, concert, l\u2019APE prendra en charge jeux, concert, f\u00eate et buvette et a toujours besoin de parents volontaires pour aider \u00e0 l\u2019organisation. Contact&nbsp;: Nicolas (Papa de Nina) \u2013 rutilynicolas@gmail.com \/ 0695590448<\/p>\n","protected":false},"author":1,"featured_media":0,"comment_status":"closed","ping_status":"closed","sticky":false,"template":"","format":"standard","meta":{"_acf_changed":false,"footnotes":""},"categories":[],"tags":[],"class_list":["post-40","post","type-post","status-publish","format-standard","hentry"],"acf":[],"yoast_head":"<!-- This site is optimized with the Yoast SEO plugin v26.1.1 - https:\/\/yoast.com\/wordpress\/plugins\/seo\/ -->\n<title>Kermesse d\\&#039;\u00c9t\u00e9 -<\/title>\n<meta name=\"robots\" content=\"index, follow, max-snippet:-1, max-image-preview:large, max-video-preview:-1\" \/>\n<link rel=\"canonical\" href=\"https:\/\/ape-copello.org\/?page_id=40\" \/>\n<meta property=\"og:locale\" content=\"en_US\" \/>\n<meta property=\"og:type\" content=\"article\" \/>\n<meta property=\"og:title\" content=\"Kermesse d\\&#039;\u00c9t\u00e9 -\" \/>\n<meta property=\"og:description\" content=\"Elle aura lieu le vendredi 14 juin 2024 \u00e0 partir de 16h30 et sera co-organis\u00e9e avec l\u2019\u00e9cole. Repr\u00e9sentation de la chorale, stands de jeux, concert, l\u2019APE prendra en charge jeux, concert, f\u00eate et buvette et a toujours besoin de parents volontaires pour aider \u00e0 l\u2019organisation. Contact&nbsp;: Nicolas (Papa de Nina) \u2013 rutilynicolas@gmail.com \/ 0695590448\" \/>\n<meta property=\"og:url\" content=\"https:\/\/ape-copello.org\/?page_id=40\" \/>\n<meta property=\"article:modified_time\" content=\"2024-05-16T13:23:29+00:00\" \/>\n<meta name=\"twitter:card\" content=\"summary_large_image\" \/>\n<script type=\"application\/ld+json\" class=\"yoast-schema-graph\">{\"@context\":\"https:\/\/schema.org\",\"@graph\":[{\"@type\":\"WebPage\",\"@id\":\"https:\/\/ape-copello.org\/?page_id=40\",\"url\":\"https:\/\/ape-copello.org\/?page_id=40\",\"name\":\"Kermesse d\\\\'\u00c9t\u00e9 -\",\"isPartOf\":{\"@id\":\"https:\/\/ape-copello.org\/#website\"},\"datePublished\":\"2023-09-26T09:34:07+00:00\",\"dateModified\":\"2024-05-16T13:23:29+00:00\",\"breadcrumb\":{\"@id\":\"https:\/\/ape-copello.org\/?page_id=40#breadcrumb\"},\"inLanguage\":\"en-US\",\"potentialAction\":[{\"@type\":\"ReadAction\",\"target\":[\"https:\/\/ape-copello.org\/?page_id=40\"]}]},{\"@type\":\"BreadcrumbList\",\"@id\":\"https:\/\/ape-copello.org\/?page_id=40#breadcrumb\",\"itemListElement\":[{\"@type\":\"ListItem\",\"position\":1,\"name\":\"Accueil\",\"item\":\"https:\/\/ape-copello.org\/\"},{\"@type\":\"ListItem\",\"position\":2,\"name\":\"Kermesse d&#8217;\u00c9t\u00e9\"}]},{\"@type\":\"WebSite\",\"@id\":\"https:\/\/ape-copello.org\/#website\",\"url\":\"https:\/\/ape-copello.org\/\",\"name\":\"\",\"description\":\"\",\"potentialAction\":[{\"@type\":\"SearchAction\",\"target\":{\"@type\":\"EntryPoint\",\"urlTemplate\":\"https:\/\/ape-copello.org\/?s={search_term_string}\"},\"query-input\":{\"@type\":\"PropertyValueSpecification\",\"valueRequired\":true,\"valueName\":\"search_term_string\"}}],\"inLanguage\":\"en-US\"}]}<\/script>\n<!-- \/ Yoast SEO plugin. -->","yoast_head_json":{"title":"Kermesse d\\'\u00c9t\u00e9 -","robots":{"index":"index","follow":"follow","max-snippet":"max-snippet:-1","max-image-preview":"max-image-preview:large","max-video-preview":"max-video-preview:-1"},"canonical":"https:\/\/ape-copello.org\/?page_id=40","og_locale":"en_US","og_type":"article","og_title":"Kermesse d\\'\u00c9t\u00e9 -","og_description":"Elle aura lieu le vendredi 14 juin 2024 \u00e0 partir de 16h30 et sera co-organis\u00e9e avec l\u2019\u00e9cole. Repr\u00e9sentation de la chorale, stands de jeux, concert, l\u2019APE prendra en charge jeux, concert, f\u00eate et buvette et a toujours besoin de parents volontaires pour aider \u00e0 l\u2019organisation. Contact&nbsp;: Nicolas (Papa de Nina) \u2013 rutilynicolas@gmail.com \/ 0695590448","og_url":"https:\/\/ape-copello.org\/?page_id=40","article_modified_time":"2024-05-16T13:23:29+00:00","twitter_card":"summary_large_image","schema":{"@context":"https:\/\/schema.org","@graph":[{"@type":"WebPage","@id":"https:\/\/ape-copello.org\/?page_id=40","url":"https:\/\/ape-copello.org\/?page_id=40","name":"Kermesse d\\'\u00c9t\u00e9 -","isPartOf":{"@id":"https:\/\/ape-copello.org\/#website"},"datePublished":"2023-09-26T09:34:07+00:00","dateModified":"2024-05-16T13:23:29+00:00","breadcrumb":{"@id":"https:\/\/ape-copello.org\/?page_id=40#breadcrumb"},"inLanguage":"en-US","potentialAction":[{"@type":"ReadAction","target":["https:\/\/ape-copello.org\/?page_id=40"]}]},{"@type":"BreadcrumbList","@id":"https:\/\/ape-copello.org\/?page_id=40#breadcrumb","itemListElement":[{"@type":"ListItem","position":1,"name":"Accueil","item":"https:\/\/ape-copello.org\/"},{"@type":"ListItem","position":2,"name":"Kermesse d&#8217;\u00c9t\u00e9"}]},{"@type":"WebSite","@id":"https:\/\/ape-copello.org\/#website","url":"https:\/\/ape-copello.org\/","name":"","description":"","potentialAction":[{"@type":"SearchAction","target":{"@type":"EntryPoint","urlTemplate":"https:\/\/ape-copello.org\/?s={search_term_string}"},"query-input":{"@type":"PropertyValueSpecification","valueRequired":true,"valueName":"search_term_string"}}],"inLanguage":"en-US"}]}},"_links":{"self":[{"href":"https:\/\/ape-copello.org\/index.php?rest_route=\/wp\/v2\/posts\/40","targetHints":{"allow":["GET"]}}],"collection":[{"href":"https:\/\/ape-copello.org\/index.php?rest_route=\/wp\/v2\/posts"}],"about":[{"href":"https:\/\/ape-copello.org\/index.php?rest_route=\/wp\/v2\/types\/post"}],"author":[{"embeddable":true,"href":"https:\/\/ape-copello.org\/index.php?rest_route=\/wp\/v2\/users\/1"}],"replies":[{"embeddable":true,"href":"https:\/\/ape-copello.org\/index.php?rest_route=%2Fwp%2Fv2%2Fcomments&post=40"}],"version-history":[{"count":0,"href":"https:\/\/ape-copello.org\/index.php?rest_route=\/wp\/v2\/posts\/40\/revisions"}],"wp:attachment":[{"href":"https:\/\/ape-copello.org\/index.php?rest_route=%2Fwp%2Fv2%2Fmedia&parent=40"}],"wp:term":[{"taxonomy":"category","embeddable":true,"href":"https:\/\/ape-copello.org\/index.php?rest_route=%2Fwp%2Fv2%2Fcategories&post=40"},{"taxonomy":"post_tag","embeddable":true,"href":"https:\/\/ape-copello.org\/index.php?rest_route=%2Fwp%2Fv2%2Ftags&post=40"}],"curies":[{"name":"wp","href":"https:\/\/api.w.org\/{rel}","templated":true}]}}