{"id":38,"date":"2023-09-26T11:34:01","date_gmt":"2023-09-26T09:34:01","guid":{"rendered":"https:\/\/ape-copello.org\/?page_id=38"},"modified":"2024-05-16T15:23:11","modified_gmt":"2024-05-16T13:23:11","slug":"carnaval","status":"publish","type":"post","link":"https:\/\/ape-copello.org\/?p=38","title":{"rendered":"Carnaval de printemps"},"content":{"rendered":"\n<p><strong>Samedi 6 avril 2024<\/strong><\/p>\n\n\n\n<p>Dans les cours de l\u2019\u00e9cole c\u00f4t\u00e9 Clairistes, \u00e0 10h<\/p>\n\n\n\n<p>C\u2019est le printemps&nbsp;! et le CARNAVAL de Copello&nbsp;! co-organis\u00e9 par l\u2019\u00e9cole et l\u2019APE pour les enfants.<\/p>\n\n\n\n<p>D\u00e9fil\u00e9 des enfants avec leurs instituteurs et institutrices, accompagn\u00e9es par la Batucada Cascara, buvette avec g\u00e2teaux sucr\u00e9s, tartes sal\u00e9es, boissons, Musique ! et confettis, on ne change pas une \u00e9quipe qui danse.<\/p>\n\n\n\n<p>D\u00e9guisez vos enfants et n\u2019h\u00e9sitez pas \u00e0 vous prendre au jeu ! en vous d\u00e9guisant vous aussi.<\/p>\n\n\n\n<p><strong>Comment aider le jour j&nbsp;?<\/strong><\/p>\n\n\n\n<p>\u22c6 En confectionnant des g\u00e2teaux, des cakes, des tartes sal\u00e9es ou sucr\u00e9es (surtout sal\u00e9es) \u2013 qui seront vendus \u00e0 la buvette au profit de l\u2019APE<\/p>\n\n\n\n<p>\u22c6 En tenant la buvette une heure<\/p>\n\n\n\n<p>\u22c6 En participant \u00e0 l\u2019installation ou au rangement et au m\u00e9nage<\/p>\n\n\n\n<p>Tous les grands et petits coups de main seront les bienvenus.<\/p>\n\n\n\n<p>Il y aura, comme \u00e0 chaque f\u00eate, la possibilit\u00e9 d\u2019acheter les totebags de l\\&#8217;ann\u00e9e avec les dessins des enfants, \u00e0 la buvette.<\/p>\n\n\n\n<p>Tout l\\&#8217;argent r\u00e9colt\u00e9 par l\\&#8217;APE sert \u00e0 financer les projets et \u00e9v\u00e8nements de l\\&#8217;ann\u00e9e organis\u00e9s pour les enfants.<\/p>\n\n\n\n<p>Au besoin, vous pouvez contacter l\\&#8217;\u00e9quipe organisatrice,<\/p>\n\n\n\n<p>par mail : Nicolas (papa de Nina) <a href=\\\"mailto:rutilynicolas@gmail.com\\\">rutilynicolas@gmail.com<\/a><\/p>\n\n\n\n<p>par t\u00e9l\u00e9phone : Nicolas (papa de Nina) 06 95 59 04 48<\/p>\n\n\n\n<p>ou en direct aupr\u00e8s de : Barbara (maman de L\u00e9onard), Carlyne (maman de Loup), Catherine (maman de Marcel), Julien (papa de Marin), Laura (maman de Suzanne), Manu (papa d\\&#8217;Anouk), Nicolas (papa de Nina), Sara (maman de L\u00e9on)<\/p>\n\n\n\n<p><br><\/p>\n","protected":false},"excerpt":{"rendered":"<p>Samedi 6 avril 2024 Dans les cours de l\u2019\u00e9cole c\u00f4t\u00e9 Clairistes, \u00e0 10h C\u2019est le printemps&nbsp;! et le CARNAVAL de Copello&nbsp;! co-organis\u00e9 par l\u2019\u00e9cole et l\u2019APE pour les enfants. D\u00e9fil\u00e9 des enfants avec leurs instituteurs et institutrices, accompagn\u00e9es par la Batucada Cascara, buvette avec g\u00e2teaux sucr\u00e9s, tartes sal\u00e9es, boissons, Musique ! et confettis, on ne [&hellip;]<\/p>\n","protected":false},"author":1,"featured_media":0,"comment_status":"closed","ping_status":"closed","sticky":false,"template":"","format":"standard","meta":{"_acf_changed":false,"footnotes":""},"categories":[],"tags":[],"class_list":["post-38","post","type-post","status-publish","format-standard","hentry"],"acf":[],"yoast_head":"<!-- This site is optimized with the Yoast SEO plugin v26.1.1 - https:\/\/yoast.com\/wordpress\/plugins\/seo\/ -->\n<title>Carnaval de printemps -<\/title>\n<meta name=\"robots\" content=\"index, follow, max-snippet:-1, max-image-preview:large, max-video-preview:-1\" \/>\n<link rel=\"canonical\" href=\"https:\/\/ape-copello.org\/?page_id=38\" \/>\n<meta property=\"og:locale\" content=\"en_US\" \/>\n<meta property=\"og:type\" content=\"article\" \/>\n<meta property=\"og:title\" content=\"Carnaval de printemps -\" \/>\n<meta property=\"og:description\" content=\"Samedi 6 avril 2024 Dans les cours de l\u2019\u00e9cole c\u00f4t\u00e9 Clairistes, \u00e0 10h C\u2019est le printemps&nbsp;! et le CARNAVAL de Copello&nbsp;! co-organis\u00e9 par l\u2019\u00e9cole et l\u2019APE pour les enfants. D\u00e9fil\u00e9 des enfants avec leurs instituteurs et institutrices, accompagn\u00e9es par la Batucada Cascara, buvette avec g\u00e2teaux sucr\u00e9s, tartes sal\u00e9es, boissons, Musique ! et confettis, on ne [&hellip;]\" \/>\n<meta property=\"og:url\" content=\"https:\/\/ape-copello.org\/?page_id=38\" \/>\n<meta property=\"article:modified_time\" content=\"2024-05-16T13:23:11+00:00\" \/>\n<meta name=\"twitter:card\" content=\"summary_large_image\" \/>\n<meta name=\"twitter:label1\" content=\"Est. reading time\" \/>\n\t<meta name=\"twitter:data1\" content=\"2 minutes\" \/>\n<script type=\"application\/ld+json\" class=\"yoast-schema-graph\">{\"@context\":\"https:\/\/schema.org\",\"@graph\":[{\"@type\":\"WebPage\",\"@id\":\"https:\/\/ape-copello.org\/?page_id=38\",\"url\":\"https:\/\/ape-copello.org\/?page_id=38\",\"name\":\"Carnaval de printemps -\",\"isPartOf\":{\"@id\":\"https:\/\/ape-copello.org\/#website\"},\"datePublished\":\"2023-09-26T09:34:01+00:00\",\"dateModified\":\"2024-05-16T13:23:11+00:00\",\"breadcrumb\":{\"@id\":\"https:\/\/ape-copello.org\/?page_id=38#breadcrumb\"},\"inLanguage\":\"en-US\",\"potentialAction\":[{\"@type\":\"ReadAction\",\"target\":[\"https:\/\/ape-copello.org\/?page_id=38\"]}]},{\"@type\":\"BreadcrumbList\",\"@id\":\"https:\/\/ape-copello.org\/?page_id=38#breadcrumb\",\"itemListElement\":[{\"@type\":\"ListItem\",\"position\":1,\"name\":\"Accueil\",\"item\":\"https:\/\/ape-copello.org\/\"},{\"@type\":\"ListItem\",\"position\":2,\"name\":\"Carnaval de printemps\"}]},{\"@type\":\"WebSite\",\"@id\":\"https:\/\/ape-copello.org\/#website\",\"url\":\"https:\/\/ape-copello.org\/\",\"name\":\"\",\"description\":\"\",\"potentialAction\":[{\"@type\":\"SearchAction\",\"target\":{\"@type\":\"EntryPoint\",\"urlTemplate\":\"https:\/\/ape-copello.org\/?s={search_term_string}\"},\"query-input\":{\"@type\":\"PropertyValueSpecification\",\"valueRequired\":true,\"valueName\":\"search_term_string\"}}],\"inLanguage\":\"en-US\"}]}<\/script>\n<!-- \/ Yoast SEO plugin. -->","yoast_head_json":{"title":"Carnaval de printemps -","robots":{"index":"index","follow":"follow","max-snippet":"max-snippet:-1","max-image-preview":"max-image-preview:large","max-video-preview":"max-video-preview:-1"},"canonical":"https:\/\/ape-copello.org\/?page_id=38","og_locale":"en_US","og_type":"article","og_title":"Carnaval de printemps -","og_description":"Samedi 6 avril 2024 Dans les cours de l\u2019\u00e9cole c\u00f4t\u00e9 Clairistes, \u00e0 10h C\u2019est le printemps&nbsp;! et le CARNAVAL de Copello&nbsp;! co-organis\u00e9 par l\u2019\u00e9cole et l\u2019APE pour les enfants. D\u00e9fil\u00e9 des enfants avec leurs instituteurs et institutrices, accompagn\u00e9es par la Batucada Cascara, buvette avec g\u00e2teaux sucr\u00e9s, tartes sal\u00e9es, boissons, Musique ! et confettis, on ne [&hellip;]","og_url":"https:\/\/ape-copello.org\/?page_id=38","article_modified_time":"2024-05-16T13:23:11+00:00","twitter_card":"summary_large_image","twitter_misc":{"Est. reading time":"2 minutes"},"schema":{"@context":"https:\/\/schema.org","@graph":[{"@type":"WebPage","@id":"https:\/\/ape-copello.org\/?page_id=38","url":"https:\/\/ape-copello.org\/?page_id=38","name":"Carnaval de printemps -","isPartOf":{"@id":"https:\/\/ape-copello.org\/#website"},"datePublished":"2023-09-26T09:34:01+00:00","dateModified":"2024-05-16T13:23:11+00:00","breadcrumb":{"@id":"https:\/\/ape-copello.org\/?page_id=38#breadcrumb"},"inLanguage":"en-US","potentialAction":[{"@type":"ReadAction","target":["https:\/\/ape-copello.org\/?page_id=38"]}]},{"@type":"BreadcrumbList","@id":"https:\/\/ape-copello.org\/?page_id=38#breadcrumb","itemListElement":[{"@type":"ListItem","position":1,"name":"Accueil","item":"https:\/\/ape-copello.org\/"},{"@type":"ListItem","position":2,"name":"Carnaval de printemps"}]},{"@type":"WebSite","@id":"https:\/\/ape-copello.org\/#website","url":"https:\/\/ape-copello.org\/","name":"","description":"","potentialAction":[{"@type":"SearchAction","target":{"@type":"EntryPoint","urlTemplate":"https:\/\/ape-copello.org\/?s={search_term_string}"},"query-input":{"@type":"PropertyValueSpecification","valueRequired":true,"valueName":"search_term_string"}}],"inLanguage":"en-US"}]}},"_links":{"self":[{"href":"https:\/\/ape-copello.org\/index.php?rest_route=\/wp\/v2\/posts\/38","targetHints":{"allow":["GET"]}}],"collection":[{"href":"https:\/\/ape-copello.org\/index.php?rest_route=\/wp\/v2\/posts"}],"about":[{"href":"https:\/\/ape-copello.org\/index.php?rest_route=\/wp\/v2\/types\/post"}],"author":[{"embeddable":true,"href":"https:\/\/ape-copello.org\/index.php?rest_route=\/wp\/v2\/users\/1"}],"replies":[{"embeddable":true,"href":"https:\/\/ape-copello.org\/index.php?rest_route=%2Fwp%2Fv2%2Fcomments&post=38"}],"version-history":[{"count":0,"href":"https:\/\/ape-copello.org\/index.php?rest_route=\/wp\/v2\/posts\/38\/revisions"}],"wp:attachment":[{"href":"https:\/\/ape-copello.org\/index.php?rest_route=%2Fwp%2Fv2%2Fmedia&parent=38"}],"wp:term":[{"taxonomy":"category","embeddable":true,"href":"https:\/\/ape-copello.org\/index.php?rest_route=%2Fwp%2Fv2%2Fcategories&post=38"},{"taxonomy":"post_tag","embeddable":true,"href":"https:\/\/ape-copello.org\/index.php?rest_route=%2Fwp%2Fv2%2Ftags&post=38"}],"curies":[{"name":"wp","href":"https:\/\/api.w.org\/{rel}","templated":true}]}}