{"id":36,"date":"2023-09-26T11:33:33","date_gmt":"2023-09-26T09:33:33","guid":{"rendered":"https:\/\/ape-copello.org\/?page_id=36"},"modified":"2024-05-16T15:18:14","modified_gmt":"2024-05-16T13:18:14","slug":"boum-dautomne","status":"publish","type":"post","link":"https:\/\/ape-copello.org\/?p=36","title":{"rendered":"Boum d\\&#8217;Automne"},"content":{"rendered":"\n<p><strong>Vendredi 1er d\u00e9cembre 2023<\/strong><\/p>\n\n\n\n<p>Dans la cour de l\u2019\u00e9cole c\u00f4t\u00e9 Copello et la salle annexe, \u00e0 partir de 16h30<\/p>\n\n\n\n<p>La premi\u00e8re f\u00eate de l\\&#8217;ann\u00e9e organis\u00e9e par l\\&#8217;APE pour les enfants : la BOUM d\\&#8217;AUTOMNE !<\/p>\n\n\n\n<p>Buvette avec g\u00e2teaux sucr\u00e9s, tartes sal\u00e9es, boissons, Musique ! et chalouper chalouper comme les feuilles dans le vent sur une playlist soigneusement pr\u00e9par\u00e9e pour plaire aux enfants.<\/p>\n\n\n\n<p>L\\&#8217;occasion aussi pour les enfants (et les parents) de se d\u00e9guiser, \u00e0 leur gr\u00e9.<\/p>\n\n\n\n<p>Vente ce jour-l\u00e0 \u00e9galement de bl\u00e9 de la Sainte-Barbe&nbsp;:<\/p>\n\n\n\n<p>\u00c0 semer dans des coupelles le 4 d\u00e9cembre selon la tradition proven\u00e7ale, pour le voir germer avec nos v\u0153ux de fin d\\&#8217;ann\u00e9e, parce que \\&#8221;Quand lou blad v\u00e8n b\u00e8n, tout v\u00e8n b\u00e8n !\\&#8221; (Quand le bl\u00e9 va bien, tout va bien !) litt\u00e9ralement.<\/p>\n\n\n\n<p>Les b\u00e9n\u00e9fices de cette soir\u00e9e aideront sp\u00e9cifiquement \u00e0 financer la classe verte des grandes sections, beau projet que nous esp\u00e9rons voir se concr\u00e9tiser cette ann\u00e9e, pour ensuite le p\u00e9renniser et que chaque ann\u00e9e les enfants devenus grands en profitent.<\/p>\n\n\n\n<figure class=\\\"wp-block-image aligncenter size-large\\\"><img src=\\\"http:\/\/ape-copello.org\/wp-content\/uploads\/2023\/11\/affiche-boom-automne-v2-724x1024.png\\\" alt=\\\"\\\" class=\\\"wp-image-136\\\"\/><\/figure>\n\n\n\n<p><strong>Comment participer \u00e0 l\u2019organisation&nbsp;?<\/strong><\/p>\n\n\n\n<p>\u22c6 En s\u2019inscrivant sur le tableau des besoins d\u00e9taill\u00e9s (ci-dessous pour info) affich\u00e9 sur le panneau d\u2019affichage de l\u2019APE<\/p>\n\n\n\n<p>\u22c6 En envoyant un mail \u00e0 l\u2019APE&nbsp;: <a href=\\\"mailto:parents.ecolecopello@gmail.com\\\">parents.ecolecopello@gmail.com<\/a><\/p>\n\n\n\n<p>\u22c6 En se rapprochant des responsables de la Boum\u00a0: Ariane (maman de Maya), Barbara (maman de L\u00e9onard), Julien (papa de Marin), Laura (maman de Suzanne), Manu (papa d\\&#8217;Anouk), Nicolas (papa de Nina), Oc\u00e9ane (maman de Nina), Sandra (maman d\\&#8217;Evan), Sonia (maman d\u2019Hazel).<\/p>\n\n\n\n<p><strong>Comment aider le jour j&nbsp;?<\/strong><\/p>\n\n\n\n<p>\u22c6 En confectionnant des g\u00e2teaux, des cakes, des tartes sal\u00e9es ou sucr\u00e9es ou en apportant des jus de fruits qui seront vendus \u00e0 la buvette au profit de l\u2019APE<\/p>\n\n\n\n<p>\u22c6 En tenant le stand ou la buvette une heure<\/p>\n\n\n\n<p>\u22c6 En participant \u00e0 l\u2019installation ou au rangement et au m\u00e9nage<\/p>\n\n\n\n<p>Tous les grands et petits coups de main sont fort bienvenus.<\/p>\n\n\n\n<p>\u00c0 cause du froid et des \u00e9ventuelles averses nous nous regrouperont c\u00f4t\u00e9 rue Copello sous le pr\u00e9au et dans la salle du fond pour swinguer sur des rythmes endiabl\u00e9s dans nos plus beaux costumes.<\/p>\n\n\n\n<p>En ad\u00e9quation avec l\\&#8217;\u00e9quipe \u00e9ducative, nous avons souhait\u00e9 que les b\u00e9n\u00e9fices de cette boum puissent aider \u00e0 financer la classe verte des grandes sections. Dans ce but, les b\u00e9n\u00e9fices g\u00e9n\u00e9r\u00e9s ce jour-l\u00e0 seront revers\u00e9s pour cet \u00e9v\u00e9nement.<\/p>\n\n\n\n<p>A la vente ce jour-l\u00e0&nbsp;:<\/p>\n\n\n\n<ul class=\"wp-block-list\">\n<li>Tote-bags avec les dessins des enfants<\/li>\n\n\n\n<li>Bl\u00e9 de la sainte barbe<\/li>\n\n\n\n<li>Boissons<\/li>\n\n\n\n<li>Buffet sal\u00e9 et sucr\u00e9<\/li>\n<\/ul>\n\n\n\n<h2 class=\"\\&quot;wp-block-heading\\&quot; wp-block-heading\"><strong>Comment participer \u00e0 l\u2019organisation ?<\/strong><\/h2>\n\n\n\n<p>&#8211; En envoyant un mail au bureau&nbsp;: <a href=\\\"mailto:parents.ecolecopello@gmail.com\\\">parents.ecolecopello@gmail.com<\/a><\/p>\n\n\n\n<p>&#8211; En parlant avec les membres du bureau responsables de la Boum d\u2019Automne&nbsp;: Laura maman Suzanne, Barbara maman L\u00e9onard, Manu papa Anouk, Oc\u00e9ane et Nicolas parents Nina, Ariane maman Maya, Julien papa Marin ou Sandra maman Even.<\/p>\n\n\n\n<p>&#8211; En rejoignant l\u2019APE Copello&nbsp;!<\/p>\n\n\n\n<h2 class=\"\\&quot;wp-block-heading\\&quot; wp-block-heading\"><strong>Comment aider le jour J ?<\/strong><\/h2>\n\n\n\n<p>&#8211; En aidant \u00e0 la tenue d\\&#8217;un stand<\/p>\n\n\n\n<p>&#8211; En pr\u00e9parant des g\u00e2teaux, des cakes, des tartes sal\u00e9es ou sucr\u00e9es que nous pourront vendre tout au long de la soir\u00e9e.<\/p>\n\n\n\n<p>&#8211; En participant au rangement et au m\u00e9nage le lendemain matin.<\/p>\n\n\n\n<p><br><\/p>\n","protected":false},"excerpt":{"rendered":"<p>Vendredi 1er d\u00e9cembre 2023 Dans la cour de l\u2019\u00e9cole c\u00f4t\u00e9 Copello et la salle annexe, \u00e0 partir de 16h30 La premi\u00e8re f\u00eate de l\\&#8217;ann\u00e9e organis\u00e9e par l\\&#8217;APE pour les enfants : la BOUM d\\&#8217;AUTOMNE ! Buvette avec g\u00e2teaux sucr\u00e9s, tartes sal\u00e9es, boissons, Musique ! et chalouper chalouper comme les feuilles dans le vent sur une [&hellip;]<\/p>\n","protected":false},"author":1,"featured_media":0,"comment_status":"closed","ping_status":"closed","sticky":false,"template":"","format":"standard","meta":{"_acf_changed":false,"footnotes":""},"categories":[],"tags":[],"class_list":["post-36","post","type-post","status-publish","format-standard","hentry"],"acf":[],"yoast_head":"<!-- This site is optimized with the Yoast SEO plugin v26.1.1 - https:\/\/yoast.com\/wordpress\/plugins\/seo\/ -->\n<title>Boum d\\&#039;Automne -<\/title>\n<meta name=\"robots\" content=\"index, follow, max-snippet:-1, max-image-preview:large, max-video-preview:-1\" \/>\n<link rel=\"canonical\" href=\"https:\/\/ape-copello.org\/?page_id=36\" \/>\n<meta property=\"og:locale\" content=\"en_US\" \/>\n<meta property=\"og:type\" content=\"article\" \/>\n<meta property=\"og:title\" content=\"Boum d\\&#039;Automne -\" \/>\n<meta property=\"og:description\" content=\"Vendredi 1er d\u00e9cembre 2023 Dans la cour de l\u2019\u00e9cole c\u00f4t\u00e9 Copello et la salle annexe, \u00e0 partir de 16h30 La premi\u00e8re f\u00eate de l&#8217;ann\u00e9e organis\u00e9e par l&#8217;APE pour les enfants : la BOUM d&#8217;AUTOMNE ! Buvette avec g\u00e2teaux sucr\u00e9s, tartes sal\u00e9es, boissons, Musique ! et chalouper chalouper comme les feuilles dans le vent sur une [&hellip;]\" \/>\n<meta property=\"og:url\" content=\"https:\/\/ape-copello.org\/?page_id=36\" \/>\n<meta property=\"article:modified_time\" content=\"2024-05-16T13:18:14+00:00\" \/>\n<meta property=\"og:image\" content=\"http:\/\/ape-copello.org\/wp-content\/uploads\/2023\/11\/affiche-boom-automne-v2-724x1024.png\" \/>\n<meta name=\"twitter:card\" content=\"summary_large_image\" \/>\n<meta name=\"twitter:label1\" content=\"Est. reading time\" \/>\n\t<meta name=\"twitter:data1\" content=\"3 minutes\" \/>\n<script type=\"application\/ld+json\" class=\"yoast-schema-graph\">{\"@context\":\"https:\/\/schema.org\",\"@graph\":[{\"@type\":\"WebPage\",\"@id\":\"https:\/\/ape-copello.org\/?page_id=36\",\"url\":\"https:\/\/ape-copello.org\/?page_id=36\",\"name\":\"Boum d\\\\'Automne -\",\"isPartOf\":{\"@id\":\"https:\/\/ape-copello.org\/#website\"},\"datePublished\":\"2023-09-26T09:33:33+00:00\",\"dateModified\":\"2024-05-16T13:18:14+00:00\",\"breadcrumb\":{\"@id\":\"https:\/\/ape-copello.org\/?page_id=36#breadcrumb\"},\"inLanguage\":\"en-US\",\"potentialAction\":[{\"@type\":\"ReadAction\",\"target\":[\"https:\/\/ape-copello.org\/?page_id=36\"]}]},{\"@type\":\"BreadcrumbList\",\"@id\":\"https:\/\/ape-copello.org\/?page_id=36#breadcrumb\",\"itemListElement\":[{\"@type\":\"ListItem\",\"position\":1,\"name\":\"Accueil\",\"item\":\"https:\/\/ape-copello.org\/\"},{\"@type\":\"ListItem\",\"position\":2,\"name\":\"Boum d&#8217;Automne\"}]},{\"@type\":\"WebSite\",\"@id\":\"https:\/\/ape-copello.org\/#website\",\"url\":\"https:\/\/ape-copello.org\/\",\"name\":\"\",\"description\":\"\",\"potentialAction\":[{\"@type\":\"SearchAction\",\"target\":{\"@type\":\"EntryPoint\",\"urlTemplate\":\"https:\/\/ape-copello.org\/?s={search_term_string}\"},\"query-input\":{\"@type\":\"PropertyValueSpecification\",\"valueRequired\":true,\"valueName\":\"search_term_string\"}}],\"inLanguage\":\"en-US\"}]}<\/script>\n<!-- \/ Yoast SEO plugin. -->","yoast_head_json":{"title":"Boum d\\'Automne -","robots":{"index":"index","follow":"follow","max-snippet":"max-snippet:-1","max-image-preview":"max-image-preview:large","max-video-preview":"max-video-preview:-1"},"canonical":"https:\/\/ape-copello.org\/?page_id=36","og_locale":"en_US","og_type":"article","og_title":"Boum d\\'Automne -","og_description":"Vendredi 1er d\u00e9cembre 2023 Dans la cour de l\u2019\u00e9cole c\u00f4t\u00e9 Copello et la salle annexe, \u00e0 partir de 16h30 La premi\u00e8re f\u00eate de l&#8217;ann\u00e9e organis\u00e9e par l&#8217;APE pour les enfants : la BOUM d&#8217;AUTOMNE ! Buvette avec g\u00e2teaux sucr\u00e9s, tartes sal\u00e9es, boissons, Musique ! et chalouper chalouper comme les feuilles dans le vent sur une [&hellip;]","og_url":"https:\/\/ape-copello.org\/?page_id=36","article_modified_time":"2024-05-16T13:18:14+00:00","og_image":[{"url":"http:\/\/ape-copello.org\/wp-content\/uploads\/2023\/11\/affiche-boom-automne-v2-724x1024.png","type":"","width":"","height":""}],"twitter_card":"summary_large_image","twitter_misc":{"Est. reading time":"3 minutes"},"schema":{"@context":"https:\/\/schema.org","@graph":[{"@type":"WebPage","@id":"https:\/\/ape-copello.org\/?page_id=36","url":"https:\/\/ape-copello.org\/?page_id=36","name":"Boum d\\'Automne -","isPartOf":{"@id":"https:\/\/ape-copello.org\/#website"},"datePublished":"2023-09-26T09:33:33+00:00","dateModified":"2024-05-16T13:18:14+00:00","breadcrumb":{"@id":"https:\/\/ape-copello.org\/?page_id=36#breadcrumb"},"inLanguage":"en-US","potentialAction":[{"@type":"ReadAction","target":["https:\/\/ape-copello.org\/?page_id=36"]}]},{"@type":"BreadcrumbList","@id":"https:\/\/ape-copello.org\/?page_id=36#breadcrumb","itemListElement":[{"@type":"ListItem","position":1,"name":"Accueil","item":"https:\/\/ape-copello.org\/"},{"@type":"ListItem","position":2,"name":"Boum d&#8217;Automne"}]},{"@type":"WebSite","@id":"https:\/\/ape-copello.org\/#website","url":"https:\/\/ape-copello.org\/","name":"","description":"","potentialAction":[{"@type":"SearchAction","target":{"@type":"EntryPoint","urlTemplate":"https:\/\/ape-copello.org\/?s={search_term_string}"},"query-input":{"@type":"PropertyValueSpecification","valueRequired":true,"valueName":"search_term_string"}}],"inLanguage":"en-US"}]}},"_links":{"self":[{"href":"https:\/\/ape-copello.org\/index.php?rest_route=\/wp\/v2\/posts\/36","targetHints":{"allow":["GET"]}}],"collection":[{"href":"https:\/\/ape-copello.org\/index.php?rest_route=\/wp\/v2\/posts"}],"about":[{"href":"https:\/\/ape-copello.org\/index.php?rest_route=\/wp\/v2\/types\/post"}],"author":[{"embeddable":true,"href":"https:\/\/ape-copello.org\/index.php?rest_route=\/wp\/v2\/users\/1"}],"replies":[{"embeddable":true,"href":"https:\/\/ape-copello.org\/index.php?rest_route=%2Fwp%2Fv2%2Fcomments&post=36"}],"version-history":[{"count":0,"href":"https:\/\/ape-copello.org\/index.php?rest_route=\/wp\/v2\/posts\/36\/revisions"}],"wp:attachment":[{"href":"https:\/\/ape-copello.org\/index.php?rest_route=%2Fwp%2Fv2%2Fmedia&parent=36"}],"wp:term":[{"taxonomy":"category","embeddable":true,"href":"https:\/\/ape-copello.org\/index.php?rest_route=%2Fwp%2Fv2%2Fcategories&post=36"},{"taxonomy":"post_tag","embeddable":true,"href":"https:\/\/ape-copello.org\/index.php?rest_route=%2Fwp%2Fv2%2Ftags&post=36"}],"curies":[{"name":"wp","href":"https:\/\/api.w.org\/{rel}","templated":true}]}}