{"id":35,"date":"2023-09-26T11:33:39","date_gmt":"2023-09-26T09:33:39","guid":{"rendered":"https:\/\/ape-copello.org\/?page_id=35"},"modified":"2024-05-16T15:23:46","modified_gmt":"2024-05-16T13:23:46","slug":"crepes-party-dhiver","status":"publish","type":"post","link":"https:\/\/ape-copello.org\/?p=35","title":{"rendered":"Cr\u00eapes Party d\\&#8217;Hiver"},"content":{"rendered":"\n<p><strong>Vendredi 16 f\u00e9vrier 2024<\/strong><\/p>\n\n\n\n<p>Dans la cour de l\u2019\u00e9cole c\u00f4t\u00e9 Copello et la salle annexe, \u00e0 partir de 16h30<\/p>\n\n\n\n<p>La Boum d\u2019Hiver organis\u00e9e par l\\&#8217;APE pour les enfants : la CR\u00caPES PARTY !<\/p>\n\n\n\n<p>Cr\u00eapes sucr\u00e9s et tartes sal\u00e9es, boissons, fruits, musique ! on chaloupera comme la p\u00e2te dans la po\u00eale, sur une playlist rod\u00e9e \u00e0 l\\&#8217;automne pour plaire aux enfants.<\/p>\n\n\n\n<p>Ce sera aussi l\\&#8217;occasion pour les enfants (et vous) de se d\u00e9guiser, \u00e0 votre gr\u00e9.<\/p>\n\n\n\n<p>Besoin qu\\&#8217;un max d\\&#8217;entre nous mettent la main \u00e0 la p\u00e2te ! (facile)<\/p>\n\n\n\n\n\n<p><strong>Comment aider le jour j&nbsp;?<\/strong><\/p>\n\n\n\n<p>\u22c6 En confectionnant des cr\u00eapes, des cr\u00eapes et encore des cr\u00eapes <strong>pr\u00e9remplies<\/strong> (sucre (de canne), sirop d\\&#8217;agave, sirop d\\&#8217;\u00e9rable, chocolat ou confiture) avec un petit mot dessus pour pr\u00e9ciser de quoi, et\/ou des tartes sal\u00e9es, et\/ou ramener des fruits &#8211; qui seront vendus \u00e0 la buvette au profit de l\u2019APE<\/p>\n\n\n\n<p>\u22c6 En tenant le stand ou la buvette une heure<\/p>\n\n\n\n<p>\u22c6 En participant \u00e0 l\u2019installation ou au rangement et au m\u00e9nage<\/p>\n\n\n\n<p>Vous l\\&#8217;avez compris, tous les grands et petits coups de main seront les bienvenus.<\/p>\n\n\n\n<p>Un tableau, avec tous les besoins d\u00e9taill\u00e9s, sera affich\u00e9 sur le panneau de l\\&#8217;APE (\u00e0 droite de la classe d\\&#8217;Hakim et Sarah) \u00e0 partir du lundi 12 f\u00e9vrier, vous pourrez directement vous y inscrire.<\/p>\n\n\n\n<p>Lors de la Cr\u00eapes Party, il y aura un stand o\u00f9 acheter les totebags de l\\&#8217;ann\u00e9e avec les dessins des enfants.<\/p>\n\n\n\n<p>Tout l\\&#8217;argent r\u00e9colt\u00e9 par l\\&#8217;APE sert \u00e0 financer les projets et \u00e9v\u00e8nements de l\\&#8217;ann\u00e9e organis\u00e9s pour les enfants.<\/p>\n\n\n\n<p>Au besoin, vous pouvez contacter l\\&#8217;\u00e9quipe organisatrice,<\/p>\n\n\n\n<p>par mail : <a href=\\\"mailto:parents.ecolecopello@gmail.com\\\" target=\\\"_blank\\\" rel=\\\"noreferrer noopener\\\">parents.ecolecopello@gmail.com<\/a><\/p>\n\n\n\n<p>par t\u00e9l\u00e9phone : Manu (papa d\\&#8217;Anouk) 06 75 44 32 79 ou Nicolas (papa de Nina) 06 95 59 04 48<\/p>\n\n\n\n<p>ou en direct aupr\u00e8s de : Ariane (maman de Maya), Barbara (maman de L\u00e9onard), Julien (papa de Marin), Laura (maman de Suzanne), Manu (papa d\\&#8217;Anouk), Nicolas (papa de Nina).<\/p>\n\n\n\n<p><br><\/p>\n","protected":false},"excerpt":{"rendered":"<p>Vendredi 16 f\u00e9vrier 2024 Dans la cour de l\u2019\u00e9cole c\u00f4t\u00e9 Copello et la salle annexe, \u00e0 partir de 16h30 La Boum d\u2019Hiver organis\u00e9e par l\\&#8217;APE pour les enfants : la CR\u00caPES PARTY ! Cr\u00eapes sucr\u00e9s et tartes sal\u00e9es, boissons, fruits, musique ! on chaloupera comme la p\u00e2te dans la po\u00eale, sur une playlist rod\u00e9e \u00e0 [&hellip;]<\/p>\n","protected":false},"author":1,"featured_media":0,"comment_status":"closed","ping_status":"closed","sticky":false,"template":"","format":"standard","meta":{"_acf_changed":false,"footnotes":""},"categories":[],"tags":[],"class_list":["post-35","post","type-post","status-publish","format-standard","hentry"],"acf":[],"yoast_head":"<!-- This site is optimized with the Yoast SEO plugin v26.1.1 - https:\/\/yoast.com\/wordpress\/plugins\/seo\/ -->\n<title>Cr\u00eapes Party d\\&#039;Hiver -<\/title>\n<meta name=\"robots\" content=\"index, follow, max-snippet:-1, max-image-preview:large, max-video-preview:-1\" \/>\n<link rel=\"canonical\" href=\"https:\/\/ape-copello.org\/?page_id=35\" \/>\n<meta property=\"og:locale\" content=\"en_US\" \/>\n<meta property=\"og:type\" content=\"article\" \/>\n<meta property=\"og:title\" content=\"Cr\u00eapes Party d\\&#039;Hiver -\" \/>\n<meta property=\"og:description\" content=\"Vendredi 16 f\u00e9vrier 2024 Dans la cour de l\u2019\u00e9cole c\u00f4t\u00e9 Copello et la salle annexe, \u00e0 partir de 16h30 La Boum d\u2019Hiver organis\u00e9e par l&#8217;APE pour les enfants : la CR\u00caPES PARTY ! Cr\u00eapes sucr\u00e9s et tartes sal\u00e9es, boissons, fruits, musique ! on chaloupera comme la p\u00e2te dans la po\u00eale, sur une playlist rod\u00e9e \u00e0 [&hellip;]\" \/>\n<meta property=\"og:url\" content=\"https:\/\/ape-copello.org\/?page_id=35\" \/>\n<meta property=\"article:modified_time\" content=\"2024-05-16T13:23:46+00:00\" \/>\n<meta name=\"twitter:card\" content=\"summary_large_image\" \/>\n<meta name=\"twitter:label1\" content=\"Est. reading time\" \/>\n\t<meta name=\"twitter:data1\" content=\"2 minutes\" \/>\n<script type=\"application\/ld+json\" class=\"yoast-schema-graph\">{\"@context\":\"https:\/\/schema.org\",\"@graph\":[{\"@type\":\"WebPage\",\"@id\":\"https:\/\/ape-copello.org\/?page_id=35\",\"url\":\"https:\/\/ape-copello.org\/?page_id=35\",\"name\":\"Cr\u00eapes Party d\\\\'Hiver -\",\"isPartOf\":{\"@id\":\"https:\/\/ape-copello.org\/#website\"},\"datePublished\":\"2023-09-26T09:33:39+00:00\",\"dateModified\":\"2024-05-16T13:23:46+00:00\",\"breadcrumb\":{\"@id\":\"https:\/\/ape-copello.org\/?page_id=35#breadcrumb\"},\"inLanguage\":\"en-US\",\"potentialAction\":[{\"@type\":\"ReadAction\",\"target\":[\"https:\/\/ape-copello.org\/?page_id=35\"]}]},{\"@type\":\"BreadcrumbList\",\"@id\":\"https:\/\/ape-copello.org\/?page_id=35#breadcrumb\",\"itemListElement\":[{\"@type\":\"ListItem\",\"position\":1,\"name\":\"Accueil\",\"item\":\"https:\/\/ape-copello.org\/\"},{\"@type\":\"ListItem\",\"position\":2,\"name\":\"Cr\u00eapes Party d&#8217;Hiver\"}]},{\"@type\":\"WebSite\",\"@id\":\"https:\/\/ape-copello.org\/#website\",\"url\":\"https:\/\/ape-copello.org\/\",\"name\":\"\",\"description\":\"\",\"potentialAction\":[{\"@type\":\"SearchAction\",\"target\":{\"@type\":\"EntryPoint\",\"urlTemplate\":\"https:\/\/ape-copello.org\/?s={search_term_string}\"},\"query-input\":{\"@type\":\"PropertyValueSpecification\",\"valueRequired\":true,\"valueName\":\"search_term_string\"}}],\"inLanguage\":\"en-US\"}]}<\/script>\n<!-- \/ Yoast SEO plugin. -->","yoast_head_json":{"title":"Cr\u00eapes Party d\\'Hiver -","robots":{"index":"index","follow":"follow","max-snippet":"max-snippet:-1","max-image-preview":"max-image-preview:large","max-video-preview":"max-video-preview:-1"},"canonical":"https:\/\/ape-copello.org\/?page_id=35","og_locale":"en_US","og_type":"article","og_title":"Cr\u00eapes Party d\\'Hiver -","og_description":"Vendredi 16 f\u00e9vrier 2024 Dans la cour de l\u2019\u00e9cole c\u00f4t\u00e9 Copello et la salle annexe, \u00e0 partir de 16h30 La Boum d\u2019Hiver organis\u00e9e par l&#8217;APE pour les enfants : la CR\u00caPES PARTY ! Cr\u00eapes sucr\u00e9s et tartes sal\u00e9es, boissons, fruits, musique ! on chaloupera comme la p\u00e2te dans la po\u00eale, sur une playlist rod\u00e9e \u00e0 [&hellip;]","og_url":"https:\/\/ape-copello.org\/?page_id=35","article_modified_time":"2024-05-16T13:23:46+00:00","twitter_card":"summary_large_image","twitter_misc":{"Est. reading time":"2 minutes"},"schema":{"@context":"https:\/\/schema.org","@graph":[{"@type":"WebPage","@id":"https:\/\/ape-copello.org\/?page_id=35","url":"https:\/\/ape-copello.org\/?page_id=35","name":"Cr\u00eapes Party d\\'Hiver -","isPartOf":{"@id":"https:\/\/ape-copello.org\/#website"},"datePublished":"2023-09-26T09:33:39+00:00","dateModified":"2024-05-16T13:23:46+00:00","breadcrumb":{"@id":"https:\/\/ape-copello.org\/?page_id=35#breadcrumb"},"inLanguage":"en-US","potentialAction":[{"@type":"ReadAction","target":["https:\/\/ape-copello.org\/?page_id=35"]}]},{"@type":"BreadcrumbList","@id":"https:\/\/ape-copello.org\/?page_id=35#breadcrumb","itemListElement":[{"@type":"ListItem","position":1,"name":"Accueil","item":"https:\/\/ape-copello.org\/"},{"@type":"ListItem","position":2,"name":"Cr\u00eapes Party d&#8217;Hiver"}]},{"@type":"WebSite","@id":"https:\/\/ape-copello.org\/#website","url":"https:\/\/ape-copello.org\/","name":"","description":"","potentialAction":[{"@type":"SearchAction","target":{"@type":"EntryPoint","urlTemplate":"https:\/\/ape-copello.org\/?s={search_term_string}"},"query-input":{"@type":"PropertyValueSpecification","valueRequired":true,"valueName":"search_term_string"}}],"inLanguage":"en-US"}]}},"_links":{"self":[{"href":"https:\/\/ape-copello.org\/index.php?rest_route=\/wp\/v2\/posts\/35","targetHints":{"allow":["GET"]}}],"collection":[{"href":"https:\/\/ape-copello.org\/index.php?rest_route=\/wp\/v2\/posts"}],"about":[{"href":"https:\/\/ape-copello.org\/index.php?rest_route=\/wp\/v2\/types\/post"}],"author":[{"embeddable":true,"href":"https:\/\/ape-copello.org\/index.php?rest_route=\/wp\/v2\/users\/1"}],"replies":[{"embeddable":true,"href":"https:\/\/ape-copello.org\/index.php?rest_route=%2Fwp%2Fv2%2Fcomments&post=35"}],"version-history":[{"count":0,"href":"https:\/\/ape-copello.org\/index.php?rest_route=\/wp\/v2\/posts\/35\/revisions"}],"wp:attachment":[{"href":"https:\/\/ape-copello.org\/index.php?rest_route=%2Fwp%2Fv2%2Fmedia&parent=35"}],"wp:term":[{"taxonomy":"category","embeddable":true,"href":"https:\/\/ape-copello.org\/index.php?rest_route=%2Fwp%2Fv2%2Fcategories&post=35"},{"taxonomy":"post_tag","embeddable":true,"href":"https:\/\/ape-copello.org\/index.php?rest_route=%2Fwp%2Fv2%2Ftags&post=35"}],"curies":[{"name":"wp","href":"https:\/\/api.w.org\/{rel}","templated":true}]}}