{"id":32,"date":"2023-09-26T11:32:52","date_gmt":"2023-09-26T09:32:52","guid":{"rendered":"https:\/\/ape-copello.org\/?page_id=32"},"modified":"2024-05-16T15:28:23","modified_gmt":"2024-05-16T13:28:23","slug":"situation-des-tatas","status":"publish","type":"post","link":"https:\/\/ape-copello.org\/?p=32","title":{"rendered":"Situation des tatas"},"content":{"rendered":"\n<p><strong>Septembre 2023<\/strong><\/p>\n\n\n\n<p>\u00c0 Copello, nous avons une super \u00e9quipe de tatas (ATSEM), s\u00e9rieuses, investies, bienveillantes et joyeuses, elles travaillent harmonieusement avec l\u2019\u00e9quipe enseignante.<\/p>\n\n\n\n<p>Mais en cette rentr\u00e9e, elles ont subi de graves d\u00e9gradations de leurs conditions de travail. D\u00e9plac\u00e9es sur d\u2019autres \u00e9coles, jusqu\u2019\u00e0 5 par jour, elles se sont retrouv\u00e9es, pour les d\u00e9plac\u00e9es, \u00e0 devoir d\u00e9laisser leur classe et travailler dans des conditions difficiles et al\u00e9atoires, et pour celles qui restent, noy\u00e9es sous la charge de travail. D\u2019autant que leur temps pass\u00e9 \u00e0 l\u2019\u00e9cole est consum\u00e9 par les nombreuses t\u00e2ches d\u2019entretien qu\u2019elles doivent effectuer, et qu\u2019elles ont r\u00e9cup\u00e9r\u00e9 cette ann\u00e9e la charge de la garderie du matin. Exploit\u00e9es, \u00e9puis\u00e9es, d\u00e9valoris\u00e9es, d\u00e9moralis\u00e9es, en un mot maltrait\u00e9es, elles en deviennent involontairement maltraitantes et c\u2019est la s\u00e9curit\u00e9 et le bien-\u00eatre de nos enfants qui sont menac\u00e9s. D\u2019autant plus en cette p\u00e9riode charni\u00e8re o\u00f9 les petites sections vivent un grand changement, d\u00e9couvrent l\u2019\u00e9cole et ont capitalement besoin d\u2019adultes rep\u00e8res stables et disponibles. Palliant au pire, les petites et les petits d\u2019abord, les moyennes sections doivent grandir plus vite et les classes de grandes sections sont syst\u00e9matiquement d\u00e9pouill\u00e9es de leur tata. Une tata de l\u2019\u00e9cole est en arr\u00eat pour d\u00e9pression.<\/p>\n\n\n\n<p>Avec l\u2019APE, nous les avons \u00e9cout\u00e9es et nous avons envoy\u00e9 un courrier (ci-dessous) aux \u00e9lue, \u00e9lus et responsables concern\u00e9s&nbsp;: Didier Jau, maire du 4\/5, Pierre Huguet, adjoint en charge de l\u2019\u00e9ducation, Odile Tagawa, adjointe d\u00e9l\u00e9gu\u00e9e aux affaires scolaires et J\u00e9r\u00f4me Barbery, responsable \u00e9ducation. Nous avons \u00e9galement cr\u00e9e un compte twitter (@ApeCopello), au soutien des actions politiques. Il est important de savoir que dans les combats pour d\u00e9fendre l\u2019\u00e9cole et les enfants, les parents d\u2019\u00e9l\u00e8ves ont beaucoup de poids, bien plus, regrettablement, que le personnel concern\u00e9.<\/p>\n\n\n\n<p>Courrier situation pr\u00e9occupante des tatas, septembre 2023<\/p>\n\n\n\n<p><strong>Octobre 2023<\/strong><\/p>\n\n\n\n<p>Nous avons \u00e9t\u00e9 re\u00e7ues avec Hakim, le directeur, \u00e0 la mairie pour un entretien avec Odile Tagawa, J\u00e9r\u00f4me Barbery et Anne Vial, adjointe d\u00e9l\u00e9gu\u00e9e \u00e0 la sant\u00e9.<\/p>\n\n\n\n<p>Apr\u00e8s avoir fait un \u00e9tat des lieux et des probl\u00e8mes, nous avons fermement demand\u00e9 que les tatas ne soient plus d\u00e9plac\u00e9es et qu\u2019elles soient recentr\u00e9es sur leur coeur de m\u00e9tier (les enfants), que donc des agentes et des agents d\u2019entretien soient recrut\u00e9s ainsi que d\u2019autres ATSEM \u2013 le recrutement \u00e9tant le clou du probl\u00e8me&nbsp;: pour ne plus avoir \u00e0 d\u00e9pouiller les \u00e9coles tour \u00e0 tour, et pour constituer une vraie \u00e9quipe de tatas volantes d\u00e9di\u00e9es aux besoins ponctuels de remplacement.<\/p>\n\n\n\n<p>L\u2019\u00e9quipe municipale \u00e9tait \u00e0 notre \u00e9coute, tout \u00e0 fait consciente de la probl\u00e9matique, nous avons envisag\u00e9 ensemble des pistes pour faciliter les recrutements&nbsp;: d\u00e9genrer les campagnes de recrutement d\u2019ATSEM en mettant aussi des hommes sur les affiches (o\u00f9 sont les tontons?), faire appel \u00e0 des structures d\u2019insertion comme le GEIQ pour le recrutement de techniciens et techniciennes de service, envisager le b\u00e9n\u00e9volat s\u00e9nior pour animer la pause m\u00e9ridienne (et favoriser le dialogue transg\u00e9n\u00e9rationnel), prioriser (financi\u00e8rement) le bien-\u00eatre des enfants marseillais et marseillaises.<\/p>\n\n\n\n<p><strong>Novembre 2023<\/strong><\/p>\n\n\n\n<p>La situation s\u2019est am\u00e9lior\u00e9e, les tatas ne sont plus d\u00e9plac\u00e9es sauf exception, et nous attendons de nouvelles am\u00e9liorations en d\u00e9but d\u2019ann\u00e9e 2024, notamment qu\u2019elles soient en partie d\u00e9charg\u00e9es des t\u00e2ches d\u2019entretien.<\/p>\n\n\n\n<p><strong>Avril 2024<\/strong><\/p>\n\n\n\n<p>Nous avons fait un point sur l\u2019\u00e9tat des conditions de travail des tatas \u00e0 Copello, avec elles et Pascale, leur superviseuse.<\/p>\n\n\n\n<p>L\u2019am\u00e9lioration de leur situation est stable&nbsp;: elles ne sont plus d\u00e9plac\u00e9es, il y en a une par classe pour les petites et moyennes sections, quant aux grandes sections&nbsp;: Assina est sur les classes d\u2019Hakim\/Sarah et Renaud et Annie est mi-concierge mi-avec Ga\u00ebl. \u00c9tant donn\u00e9 qu\u2019une classe ferme malheureusement l\u2019ann\u00e9e prochaine, il y aura bien une tata par classe \u00e0 la prochaine rentr\u00e9e scolaire.<\/p>\n\n\n\n<p>En termes de t\u00e2ches d\u2019entretien, elles s\u2019occupent de leur classe, d\u2019un demi-dortoir et de la cour et viennent nettoyer l\u2019\u00e9cole le mercredi. Le reste du temps, ce sont les aides en cuisine qui se chargent de l\u2019entretien des parties communes.<\/p>\n\n\n\n<p>Nous attendons toujours le recrutement d\u2019un technicien ou d\u2019une technicienne de service, pour continuer \u00e0 les d\u00e9charger de ce deuxi\u00e8me travail, sans que cela soit juste transf\u00e9r\u00e9 \u00e0 d\u2019autres membres du personnel en place.<\/p>\n\n\n\n<p>Reste \u00e9galement \u00e0 suivre le recrutement d\u2019ATSEM&nbsp;sur le secteur, notamment pour la constitution de l\u2019\u00e9quipe de tatas volantes d\u00e9l\u00e9gu\u00e9e aux remplacements (elles sont 3 pour l\u2019instant). Nous avons la chance \u00e0 Copello qu\u2019il y ait tr\u00e8s peu d\u2019absent\u00e9isme, mais les remplacements sont toujours probl\u00e9matiques.<\/p>\n\n\n\n<p>Enfin, les tatas se disent satisfaites (et les enfants encore plus&nbsp;!) d\u2019avoir r\u00e9cup\u00e9r\u00e9 la garderie du matin.<\/p>\n\n\n\n<p>Prenons soin de nos tatas, comme elles prennent soin de nos enfants.<\/p>\n","protected":false},"excerpt":{"rendered":"<p>Septembre 2023 \u00c0 Copello, nous avons une super \u00e9quipe de tatas (ATSEM), s\u00e9rieuses, investies, bienveillantes et joyeuses, elles travaillent harmonieusement avec l\u2019\u00e9quipe enseignante. Mais en cette rentr\u00e9e, elles ont subi de graves d\u00e9gradations de leurs conditions de travail. D\u00e9plac\u00e9es sur d\u2019autres \u00e9coles, jusqu\u2019\u00e0 5 par jour, elles se sont retrouv\u00e9es, pour les d\u00e9plac\u00e9es, \u00e0 devoir [&hellip;]<\/p>\n","protected":false},"author":1,"featured_media":0,"comment_status":"closed","ping_status":"closed","sticky":false,"template":"","format":"standard","meta":{"_acf_changed":false,"footnotes":""},"categories":[],"tags":[],"class_list":["post-32","post","type-post","status-publish","format-standard","hentry"],"acf":[],"yoast_head":"<!-- This site is optimized with the Yoast SEO plugin v26.1.1 - https:\/\/yoast.com\/wordpress\/plugins\/seo\/ -->\n<title>Situation des tatas -<\/title>\n<meta name=\"robots\" content=\"index, follow, max-snippet:-1, max-image-preview:large, max-video-preview:-1\" \/>\n<link rel=\"canonical\" href=\"https:\/\/ape-copello.org\/?page_id=32\" \/>\n<meta property=\"og:locale\" content=\"en_US\" \/>\n<meta property=\"og:type\" content=\"article\" \/>\n<meta property=\"og:title\" content=\"Situation des tatas -\" \/>\n<meta property=\"og:description\" content=\"Septembre 2023 \u00c0 Copello, nous avons une super \u00e9quipe de tatas (ATSEM), s\u00e9rieuses, investies, bienveillantes et joyeuses, elles travaillent harmonieusement avec l\u2019\u00e9quipe enseignante. Mais en cette rentr\u00e9e, elles ont subi de graves d\u00e9gradations de leurs conditions de travail. D\u00e9plac\u00e9es sur d\u2019autres \u00e9coles, jusqu\u2019\u00e0 5 par jour, elles se sont retrouv\u00e9es, pour les d\u00e9plac\u00e9es, \u00e0 devoir [&hellip;]\" \/>\n<meta property=\"og:url\" content=\"https:\/\/ape-copello.org\/?page_id=32\" \/>\n<meta property=\"article:modified_time\" content=\"2024-05-16T13:28:23+00:00\" \/>\n<meta name=\"twitter:card\" content=\"summary_large_image\" \/>\n<meta name=\"twitter:label1\" content=\"Est. reading time\" \/>\n\t<meta name=\"twitter:data1\" content=\"1 minute\" \/>\n<script type=\"application\/ld+json\" class=\"yoast-schema-graph\">{\"@context\":\"https:\/\/schema.org\",\"@graph\":[{\"@type\":\"WebPage\",\"@id\":\"https:\/\/ape-copello.org\/?page_id=32\",\"url\":\"https:\/\/ape-copello.org\/?page_id=32\",\"name\":\"Situation des tatas -\",\"isPartOf\":{\"@id\":\"https:\/\/ape-copello.org\/#website\"},\"datePublished\":\"2023-09-26T09:32:52+00:00\",\"dateModified\":\"2024-05-16T13:28:23+00:00\",\"breadcrumb\":{\"@id\":\"https:\/\/ape-copello.org\/?page_id=32#breadcrumb\"},\"inLanguage\":\"en-US\",\"potentialAction\":[{\"@type\":\"ReadAction\",\"target\":[\"https:\/\/ape-copello.org\/?page_id=32\"]}]},{\"@type\":\"BreadcrumbList\",\"@id\":\"https:\/\/ape-copello.org\/?page_id=32#breadcrumb\",\"itemListElement\":[{\"@type\":\"ListItem\",\"position\":1,\"name\":\"Accueil\",\"item\":\"https:\/\/ape-copello.org\/\"},{\"@type\":\"ListItem\",\"position\":2,\"name\":\"Situation des tatas\"}]},{\"@type\":\"WebSite\",\"@id\":\"https:\/\/ape-copello.org\/#website\",\"url\":\"https:\/\/ape-copello.org\/\",\"name\":\"\",\"description\":\"\",\"potentialAction\":[{\"@type\":\"SearchAction\",\"target\":{\"@type\":\"EntryPoint\",\"urlTemplate\":\"https:\/\/ape-copello.org\/?s={search_term_string}\"},\"query-input\":{\"@type\":\"PropertyValueSpecification\",\"valueRequired\":true,\"valueName\":\"search_term_string\"}}],\"inLanguage\":\"en-US\"}]}<\/script>\n<!-- \/ Yoast SEO plugin. -->","yoast_head_json":{"title":"Situation des tatas -","robots":{"index":"index","follow":"follow","max-snippet":"max-snippet:-1","max-image-preview":"max-image-preview:large","max-video-preview":"max-video-preview:-1"},"canonical":"https:\/\/ape-copello.org\/?page_id=32","og_locale":"en_US","og_type":"article","og_title":"Situation des tatas -","og_description":"Septembre 2023 \u00c0 Copello, nous avons une super \u00e9quipe de tatas (ATSEM), s\u00e9rieuses, investies, bienveillantes et joyeuses, elles travaillent harmonieusement avec l\u2019\u00e9quipe enseignante. Mais en cette rentr\u00e9e, elles ont subi de graves d\u00e9gradations de leurs conditions de travail. D\u00e9plac\u00e9es sur d\u2019autres \u00e9coles, jusqu\u2019\u00e0 5 par jour, elles se sont retrouv\u00e9es, pour les d\u00e9plac\u00e9es, \u00e0 devoir [&hellip;]","og_url":"https:\/\/ape-copello.org\/?page_id=32","article_modified_time":"2024-05-16T13:28:23+00:00","twitter_card":"summary_large_image","twitter_misc":{"Est. reading time":"1 minute"},"schema":{"@context":"https:\/\/schema.org","@graph":[{"@type":"WebPage","@id":"https:\/\/ape-copello.org\/?page_id=32","url":"https:\/\/ape-copello.org\/?page_id=32","name":"Situation des tatas -","isPartOf":{"@id":"https:\/\/ape-copello.org\/#website"},"datePublished":"2023-09-26T09:32:52+00:00","dateModified":"2024-05-16T13:28:23+00:00","breadcrumb":{"@id":"https:\/\/ape-copello.org\/?page_id=32#breadcrumb"},"inLanguage":"en-US","potentialAction":[{"@type":"ReadAction","target":["https:\/\/ape-copello.org\/?page_id=32"]}]},{"@type":"BreadcrumbList","@id":"https:\/\/ape-copello.org\/?page_id=32#breadcrumb","itemListElement":[{"@type":"ListItem","position":1,"name":"Accueil","item":"https:\/\/ape-copello.org\/"},{"@type":"ListItem","position":2,"name":"Situation des tatas"}]},{"@type":"WebSite","@id":"https:\/\/ape-copello.org\/#website","url":"https:\/\/ape-copello.org\/","name":"","description":"","potentialAction":[{"@type":"SearchAction","target":{"@type":"EntryPoint","urlTemplate":"https:\/\/ape-copello.org\/?s={search_term_string}"},"query-input":{"@type":"PropertyValueSpecification","valueRequired":true,"valueName":"search_term_string"}}],"inLanguage":"en-US"}]}},"_links":{"self":[{"href":"https:\/\/ape-copello.org\/index.php?rest_route=\/wp\/v2\/posts\/32","targetHints":{"allow":["GET"]}}],"collection":[{"href":"https:\/\/ape-copello.org\/index.php?rest_route=\/wp\/v2\/posts"}],"about":[{"href":"https:\/\/ape-copello.org\/index.php?rest_route=\/wp\/v2\/types\/post"}],"author":[{"embeddable":true,"href":"https:\/\/ape-copello.org\/index.php?rest_route=\/wp\/v2\/users\/1"}],"replies":[{"embeddable":true,"href":"https:\/\/ape-copello.org\/index.php?rest_route=%2Fwp%2Fv2%2Fcomments&post=32"}],"version-history":[{"count":0,"href":"https:\/\/ape-copello.org\/index.php?rest_route=\/wp\/v2\/posts\/32\/revisions"}],"wp:attachment":[{"href":"https:\/\/ape-copello.org\/index.php?rest_route=%2Fwp%2Fv2%2Fmedia&parent=32"}],"wp:term":[{"taxonomy":"category","embeddable":true,"href":"https:\/\/ape-copello.org\/index.php?rest_route=%2Fwp%2Fv2%2Fcategories&post=32"},{"taxonomy":"post_tag","embeddable":true,"href":"https:\/\/ape-copello.org\/index.php?rest_route=%2Fwp%2Fv2%2Ftags&post=32"}],"curies":[{"name":"wp","href":"https:\/\/api.w.org\/{rel}","templated":true}]}}