{"id":30,"date":"2023-09-26T11:32:42","date_gmt":"2023-09-26T09:32:42","guid":{"rendered":"https:\/\/ape-copello.org\/?page_id=30"},"modified":"2024-05-16T15:28:29","modified_gmt":"2024-05-16T13:28:29","slug":"luttes","status":"publish","type":"post","link":"https:\/\/ape-copello.org\/?p=30","title":{"rendered":"Luttes"},"content":{"rendered":"\n<p>L\u2019APE Copello d\u00e9fend l\u2019\u00e9cole publique, les conditions de travail de son personnel, la salubrit\u00e9 et la s\u00e9curit\u00e9 de son environnement, ainsi que les droits de l\u2019enfant et l\u2019\u00e9galit\u00e9 des chances et de consid\u00e9ration pour tous et toutes.<\/p>\n\n\n\n<p>Les luttes que nous menons et les sujets sur lesquels nous interpellons la mairie sont d\u00e9taill\u00e9s par ordre chronologique et mis \u00e0 jour selon les avanc\u00e9es.<\/p>\n\n\n\n<ul class=\"wp-block-list\">\n<li><a href=\\\"\/situation-des-tatas\/\\\">Situation des tatas<\/a><\/li>\n<\/ul>\n","protected":false},"excerpt":{"rendered":"<p>L\u2019APE Copello d\u00e9fend l\u2019\u00e9cole publique, les conditions de travail de son personnel, la salubrit\u00e9 et la s\u00e9curit\u00e9 de son environnement, ainsi que les droits de l\u2019enfant et l\u2019\u00e9galit\u00e9 des chances et de consid\u00e9ration pour tous et toutes. Les luttes que nous menons et les sujets sur lesquels nous interpellons la mairie sont d\u00e9taill\u00e9s par ordre [&hellip;]<\/p>\n","protected":false},"author":1,"featured_media":0,"comment_status":"closed","ping_status":"closed","sticky":false,"template":"","format":"standard","meta":{"_acf_changed":false,"footnotes":""},"categories":[],"tags":[],"class_list":["post-30","post","type-post","status-publish","format-standard","hentry"],"acf":[],"yoast_head":"<!-- This site is optimized with the Yoast SEO plugin v26.1.1 - https:\/\/yoast.com\/wordpress\/plugins\/seo\/ -->\n<title>Luttes -<\/title>\n<meta name=\"robots\" content=\"index, follow, max-snippet:-1, max-image-preview:large, max-video-preview:-1\" \/>\n<link rel=\"canonical\" href=\"https:\/\/ape-copello.org\/?page_id=30\" \/>\n<meta property=\"og:locale\" content=\"en_US\" \/>\n<meta property=\"og:type\" content=\"article\" \/>\n<meta property=\"og:title\" content=\"Luttes -\" \/>\n<meta property=\"og:description\" content=\"L\u2019APE Copello d\u00e9fend l\u2019\u00e9cole publique, les conditions de travail de son personnel, la salubrit\u00e9 et la s\u00e9curit\u00e9 de son environnement, ainsi que les droits de l\u2019enfant et l\u2019\u00e9galit\u00e9 des chances et de consid\u00e9ration pour tous et toutes. Les luttes que nous menons et les sujets sur lesquels nous interpellons la mairie sont d\u00e9taill\u00e9s par ordre [&hellip;]\" \/>\n<meta property=\"og:url\" content=\"https:\/\/ape-copello.org\/?page_id=30\" \/>\n<meta property=\"article:modified_time\" content=\"2024-05-16T13:28:29+00:00\" \/>\n<meta name=\"twitter:card\" content=\"summary_large_image\" \/>\n<meta name=\"twitter:label1\" content=\"Est. reading time\" \/>\n\t<meta name=\"twitter:data1\" content=\"1 minute\" \/>\n<script type=\"application\/ld+json\" class=\"yoast-schema-graph\">{\"@context\":\"https:\/\/schema.org\",\"@graph\":[{\"@type\":\"WebPage\",\"@id\":\"https:\/\/ape-copello.org\/?page_id=30\",\"url\":\"https:\/\/ape-copello.org\/?page_id=30\",\"name\":\"Luttes -\",\"isPartOf\":{\"@id\":\"https:\/\/ape-copello.org\/#website\"},\"datePublished\":\"2023-09-26T09:32:42+00:00\",\"dateModified\":\"2024-05-16T13:28:29+00:00\",\"breadcrumb\":{\"@id\":\"https:\/\/ape-copello.org\/?page_id=30#breadcrumb\"},\"inLanguage\":\"en-US\",\"potentialAction\":[{\"@type\":\"ReadAction\",\"target\":[\"https:\/\/ape-copello.org\/?page_id=30\"]}]},{\"@type\":\"BreadcrumbList\",\"@id\":\"https:\/\/ape-copello.org\/?page_id=30#breadcrumb\",\"itemListElement\":[{\"@type\":\"ListItem\",\"position\":1,\"name\":\"Accueil\",\"item\":\"https:\/\/ape-copello.org\/\"},{\"@type\":\"ListItem\",\"position\":2,\"name\":\"Luttes\"}]},{\"@type\":\"WebSite\",\"@id\":\"https:\/\/ape-copello.org\/#website\",\"url\":\"https:\/\/ape-copello.org\/\",\"name\":\"\",\"description\":\"\",\"potentialAction\":[{\"@type\":\"SearchAction\",\"target\":{\"@type\":\"EntryPoint\",\"urlTemplate\":\"https:\/\/ape-copello.org\/?s={search_term_string}\"},\"query-input\":{\"@type\":\"PropertyValueSpecification\",\"valueRequired\":true,\"valueName\":\"search_term_string\"}}],\"inLanguage\":\"en-US\"}]}<\/script>\n<!-- \/ Yoast SEO plugin. -->","yoast_head_json":{"title":"Luttes -","robots":{"index":"index","follow":"follow","max-snippet":"max-snippet:-1","max-image-preview":"max-image-preview:large","max-video-preview":"max-video-preview:-1"},"canonical":"https:\/\/ape-copello.org\/?page_id=30","og_locale":"en_US","og_type":"article","og_title":"Luttes -","og_description":"L\u2019APE Copello d\u00e9fend l\u2019\u00e9cole publique, les conditions de travail de son personnel, la salubrit\u00e9 et la s\u00e9curit\u00e9 de son environnement, ainsi que les droits de l\u2019enfant et l\u2019\u00e9galit\u00e9 des chances et de consid\u00e9ration pour tous et toutes. Les luttes que nous menons et les sujets sur lesquels nous interpellons la mairie sont d\u00e9taill\u00e9s par ordre [&hellip;]","og_url":"https:\/\/ape-copello.org\/?page_id=30","article_modified_time":"2024-05-16T13:28:29+00:00","twitter_card":"summary_large_image","twitter_misc":{"Est. reading time":"1 minute"},"schema":{"@context":"https:\/\/schema.org","@graph":[{"@type":"WebPage","@id":"https:\/\/ape-copello.org\/?page_id=30","url":"https:\/\/ape-copello.org\/?page_id=30","name":"Luttes -","isPartOf":{"@id":"https:\/\/ape-copello.org\/#website"},"datePublished":"2023-09-26T09:32:42+00:00","dateModified":"2024-05-16T13:28:29+00:00","breadcrumb":{"@id":"https:\/\/ape-copello.org\/?page_id=30#breadcrumb"},"inLanguage":"en-US","potentialAction":[{"@type":"ReadAction","target":["https:\/\/ape-copello.org\/?page_id=30"]}]},{"@type":"BreadcrumbList","@id":"https:\/\/ape-copello.org\/?page_id=30#breadcrumb","itemListElement":[{"@type":"ListItem","position":1,"name":"Accueil","item":"https:\/\/ape-copello.org\/"},{"@type":"ListItem","position":2,"name":"Luttes"}]},{"@type":"WebSite","@id":"https:\/\/ape-copello.org\/#website","url":"https:\/\/ape-copello.org\/","name":"","description":"","potentialAction":[{"@type":"SearchAction","target":{"@type":"EntryPoint","urlTemplate":"https:\/\/ape-copello.org\/?s={search_term_string}"},"query-input":{"@type":"PropertyValueSpecification","valueRequired":true,"valueName":"search_term_string"}}],"inLanguage":"en-US"}]}},"_links":{"self":[{"href":"https:\/\/ape-copello.org\/index.php?rest_route=\/wp\/v2\/posts\/30","targetHints":{"allow":["GET"]}}],"collection":[{"href":"https:\/\/ape-copello.org\/index.php?rest_route=\/wp\/v2\/posts"}],"about":[{"href":"https:\/\/ape-copello.org\/index.php?rest_route=\/wp\/v2\/types\/post"}],"author":[{"embeddable":true,"href":"https:\/\/ape-copello.org\/index.php?rest_route=\/wp\/v2\/users\/1"}],"replies":[{"embeddable":true,"href":"https:\/\/ape-copello.org\/index.php?rest_route=%2Fwp%2Fv2%2Fcomments&post=30"}],"version-history":[{"count":0,"href":"https:\/\/ape-copello.org\/index.php?rest_route=\/wp\/v2\/posts\/30\/revisions"}],"wp:attachment":[{"href":"https:\/\/ape-copello.org\/index.php?rest_route=%2Fwp%2Fv2%2Fmedia&parent=30"}],"wp:term":[{"taxonomy":"category","embeddable":true,"href":"https:\/\/ape-copello.org\/index.php?rest_route=%2Fwp%2Fv2%2Fcategories&post=30"},{"taxonomy":"post_tag","embeddable":true,"href":"https:\/\/ape-copello.org\/index.php?rest_route=%2Fwp%2Fv2%2Ftags&post=30"}],"curies":[{"name":"wp","href":"https:\/\/api.w.org\/{rel}","templated":true}]}}