{"id":199,"date":"2024-05-16T15:36:35","date_gmt":"2024-05-16T13:36:35","guid":{"rendered":"https:\/\/ape-copello.org\/?page_id=199"},"modified":"2024-05-16T15:36:36","modified_gmt":"2024-05-16T13:36:36","slug":"bibliotheque-enfants","status":"publish","type":"post","link":"https:\/\/ape-copello.org\/?p=199","title":{"rendered":"Biblioth\u00e8que enfants"},"content":{"rendered":"\n<p><strong>Livres<\/strong><\/p>\n\n\n\n<p><em>\u00c0<\/em><em> calicochon<\/em><em>, Anthony Browne<\/em><\/p>\n\n\n\n<p><em>Ada, la grincheuse en tutu<\/em><em>, <\/em><em>\u00c9<\/em><em>lise Gravel<\/em><\/p>\n\n\n\n<p><em>Alerte&nbsp;: culottes meurtri\u00e8res<\/em><em>, <\/em><em>\u00c9<\/em><em>lise Gravel<\/em><\/p>\n\n\n\n<p><em>All\u00f4 maman taxiphone<\/em><em>, Didier L\u00e9vy et H\u00e9lo\u00efse Solt<\/em><\/p>\n\n\n\n<p><em>Amour, beaut\u00e9 et crotte de nez<\/em><em>, Jean-Fran\u00e7ois Moriceau et Petra Mrzyk<\/em><\/p>\n\n\n\n<p><em>Ana Ana<\/em><em>, Alexis Dormal et Dominique Roques<\/em><\/p>\n\n\n\n<p><em>Apr\u00e8s le d\u00e9luge<\/em><em>, Adela Turin et Nella Bosnia<\/em><\/p>\n\n\n\n<p><em>Au bout du monde et sans tomber<\/em><em>, B\u00e9atrice Fontanel et Pauline Kalioujny<\/em><\/p>\n\n\n\n<p><em>Aujourd\u2019hui, je suis\u2026 <\/em><em>Julie Duteil et Mies Van Hout<\/em><\/p>\n\n\n\n<p><em>Autant de familles que d\u2019\u00e9toiles dans le ciel<\/em><em>, Cl\u00e9mence Sauvage et <\/em><em>\u00c9<\/em><em>milie Chazerand<\/em><\/p>\n\n\n\n<p><em>Bonjour&nbsp;! les enfants du monde<\/em><em>, Karine Daisay<\/em><\/p>\n\n\n\n<p><em>Boum boum et autres petits (grands) bruits de la vie<\/em><em>, Catherine Lafaye-Latteux et Mam\u2019zelle Ro\u00fcge<\/em><\/p>\n\n\n\n<p><em>Brindille<\/em><em>, R\u00e9mi Courgeon<\/em><\/p>\n\n\n\n<p><em>Bruno<\/em><em>, Catharina Valckx et Nicolas Hubesch<\/em><\/p>\n\n\n\n<p><em>Buffalo Belle<\/em><em>, Olivier Douzou<\/em><\/p>\n\n\n\n<p><em>C\u2019est mon corps&nbsp;! <\/em><em>\u00c9<\/em><em>lise Gravel<\/em><\/p>\n\n\n\n<p><em>C\u2019est quoi un r\u00e9fugi\u00e9&nbsp;? <\/em><em>\u00c9<\/em><em>lise Gravel<\/em><\/p>\n\n\n\n<p><em>\u00c7<\/em><em>a change tout&nbsp;!<\/em><em> Cathy Ytak et Daniela Tieni<\/em><\/p>\n\n\n\n<p><em>\u00c7<\/em><em>a fait mal la violence<\/em><em>, Catherine Dolto, Colline Faure-Poir\u00e9e et Fr\u00e9d\u00e9rick Mansot<\/em><\/p>\n\n\n\n<p><em>\u00c7<\/em><em>a sert \u00e0 quoi un kangourou&nbsp;?<\/em><em> A. H. Benjamin et Jane Chapman<\/em><\/p>\n\n\n\n<p><em>Caca prout<\/em><em>, Catherine Dolto, Colline Faure-Poir\u00e9e et Fr\u00e9d\u00e9rick Mansot<\/em><\/p>\n\n\n\n<p><em>Cam\u00e9lia et Capucine<\/em><em>, Adela Turin et Nella Bosnia<\/em><\/p>\n\n\n\n<p><em>Camille veut une nouvelle famille<\/em><em>, Myl\u00e8ne Rigaudie et Yann Walcker<\/em><\/p>\n\n\n\n<p><em>Carl et Elsa<\/em><em>, Jenny Westin Verona et Jes<\/em><em>\u00fa<\/em><em>s Verona<\/em><\/p>\n\n\n\n<p><em>Ce que mangent les ma\u00eetresses<\/em><em>, Anne Bozellec et Christian Bruel<\/em><\/p>\n\n\n\n<p><em>Ce tr\u00e9sor, c\u2019est toi<\/em><em>, H\u00e9lo\u00efse Mab et Louison Nielman<\/em><\/p>\n\n\n\n<p><em>Chapeau rond rouge<\/em><em>, Geoffroy de Pennart<\/em><\/p>\n\n\n\n<p><em>Cl\u00e9mentine s\u2019en va<\/em><em>, Adela Turin et Nella Bosnia<\/em><\/p>\n\n\n\n<p><em>Comme un million de papillons noirs<\/em><em>, Barbara Brun et Laura Nsafou<\/em><\/p>\n\n\n\n<p><em>Cristelle et Crioline<\/em><em>, Muriel Douru<\/em><\/p>\n\n\n\n<p><em>Dans la for\u00eat sombre et profonde<\/em><em>, Delphine Bournay<\/em><\/p>\n\n\n\n<p><em>De la coiffure,<\/em><em> Agn\u00e8s Rosenstiehl<\/em><\/p>\n\n\n\n<p><em>De la petite taupe qui voulait savoir qui lui avait fait sur la t\u00eate<\/em><em>, Werner Holzwarth et Wolf Erlbruch<\/em><\/p>\n\n\n\n<p><em>Derri\u00e8re la colline<\/em><em>, Stibane<\/em><\/p>\n\n\n\n<p><em>Des oiseaux plein la t\u00eate<\/em><em>, Alexandra Garibal et Sibylle Delacroix<\/em><\/p>\n\n\n\n<p><em>Deux gar\u00e7ons et un secret<\/em><em>, Andr\u00e9e Poulin et Marie Lafrance<\/em><\/p>\n\n\n\n<p><em>Devine combien je t\u2019aime<\/em><em>, Anita Jeram et Sam McBratney<\/em><\/p>\n\n\n\n<p><em>Diane danse<\/em><em>, Luciano Lozano<\/em><\/p>\n\n\n\n<p><em>Dinette dans le tractopelle<\/em>, Christos et M\u00e9lanie Grandgirard<\/p>\n\n\n\n<p><em>Dis, mamans<\/em><em>, Muriel Douru<\/em><\/p>\n\n\n\n<p><em>Du balai, petits cochons&nbsp;!<\/em><em> Rosalinde Bonnet<\/em><\/p>\n\n\n\n<p><em>Elmer<\/em><em>, David Mckee<\/em><\/p>\n\n\n\n<p><em>Est-ce que tu as faim&nbsp;? Une recette d\u2019amour<\/em><em>, Grace Ly et M\u00e9lody Ung<\/em><\/p>\n\n\n\n<p><em>Grosse col\u00e8re<\/em>, Mireille d\u2019Allanc\u00e9<\/p>\n\n\n\n<p><em>Gruffalo<\/em>, Axel Scheffler et Julia Donaldson<\/p>\n\n\n\n<p><em>Familles<\/em>, Patricia Hegarty et Ryan Wheatcroft<\/p>\n\n\n\n<p><em>Fille gar\u00e7on<\/em>, H\u00e9l\u00e8ne Druvert<\/p>\n\n\n\n<p><em>Hazel la petite sorci\u00e8re<\/em>, Phoebe Wahl<\/p>\n\n\n\n<p><em>Hector, l\u2019homme extraordinairement fort<\/em>, Magali le Huche<\/p>\n\n\n\n<p><em>Heu-reux&nbsp;!<\/em> Christian Voltz<\/p>\n\n\n\n<p><em>Hilda et la princesse<\/em>, Eva Rust<\/p>\n\n\n\n<p><em>Histoire de Fid\u00e8le<\/em>, Beno\u00eete et Flora Groult<\/p>\n\n\n\n<p><em>Histoire de Julie, qui avait une ombre de gar\u00e7on<\/em>, Anne Bozellec, Anne Galland et Christian Bruel<\/p>\n\n\n\n<p><em>Histoire de sandwiches<\/em>, Adela Turin et Margherita Saccaro<\/p>\n\n\n\n<p><em>Igor et Souky, \u00e0 Paris<\/em>, Sandrine Bonini et Sigrid Baffert<\/p>\n\n\n\n<p><em>J\u2019aime mes cauchemars<\/em>, Am\u00e9lie Graux et S\u00e9verine Vidal<\/p>\n\n\n\n<p><em>Jam\u00e8dlavie<\/em>, Adela Turin et Letiziz Galli<\/p>\n\n\n\n<p><em>Jardin d\u2019hiver<\/em>, Anja Klauss et Marie-No\u00eblle Letellier<\/p>\n\n\n\n<p><em>Je m\u2019appelle Julie<\/em>, Caroline Fournier et Laurier the Fox<\/p>\n\n\n\n<p><em>Je n\u2019ai pas de zizi\u2026 il me manque un truc&nbsp;?&nbsp;<\/em>Soline Bourdeverre-Veyssiere et Violette Suquet<\/p>\n\n\n\n<p><em>Je n\u2019ai plus peur de mes peurs<\/em>, Am\u00e9lie Graux et Emmanuelle Piquet<\/p>\n\n\n\n<p><em>Je suis terrible<\/em>, \u00c9lise Gravel<\/p>\n\n\n\n<p><em>Je suis une fille&nbsp;!<\/em> Yasmeen Ismail<\/p>\n\n\n\n<p><em>Je veux \u00eatre une cow-girl<\/em>, Jeanne Willis et Tony Ross<\/p>\n\n\n\n<p><em>J\u00e9r\u00f4me par coeur<\/em>, Olivier Tallec et Tomas Scotto<\/p>\n\n\n\n<p><em>Joan Procter, la femme qui aimait les reptiles<\/em>, Felicita Sala et Patricia Valdez<\/p>\n\n\n\n<p><em>Jules et le renard<\/em>, Joe Todd Stanton<\/p>\n\n\n\n<p><em>Julian est une sir\u00e8ne, <\/em>Jessica Love<\/p>\n\n\n\n<p><em>Julian au mariage<\/em><em>,<\/em>Jessica Love<\/p>\n\n\n\n<p><em>L\u2019Amoureuse de Simone<\/em>, Am\u00e9lie-Anne Calmo et Elsa Kedadouche<\/p>\n\n\n\n<p><em>L\u2019Ann\u00e9e de Clarisse&nbsp;: le match filles-gar\u00e7ons<\/em>, Hubert Ben Kemoun<\/p>\n\n\n\n<p><em>L\u2019Arbre roux<\/em>, Jean-Pierre Idatte et Michel Trublin<\/p>\n\n\n\n<p><em>L\u2019Arc-en-ciel des familles<\/em>, Muriel Douru<\/p>\n\n\n\n<p><em>L\u2019\u00c9l\u00e9phant d\u2019On\u00e9sime<\/em>, Marilyn Sadler et Roger Bollen<\/p>\n\n\n\n<p><em>L\u2019Enfant et la baleine<\/em>, Benji Davies<\/p>\n\n\n\n<p><em>L\u2019Heure des parents<\/em>, Christian Bruel et Nicole Claveloux<\/p>\n\n\n\n<p><em>L\u2019Histoire vraie des bonobos \u00e0 lunettes<\/em>, <em>Adela Turin et Nella Bosnia<\/em><\/p>\n\n\n\n<p><em>L\u2019Imagier<\/em>, Anna Wanda Gogusey et \u00c9milie Chazerand<\/p>\n\n\n\n<p><em>La Baleine et l\u2019escargote<\/em>, Axel Scheffler et Julia Donaldson<\/p>\n\n\n\n<p><em>La Brouille<\/em>, Claude Boujon<\/p>\n\n\n\n<p><em>La Conception de L\u00e9o avec la PMA<\/em>, Sylvie Li et Vy Tran<\/p>\n\n\n\n<p><em>La Couleur des \u00e9motions<\/em>, Anna Llenas<\/p>\n\n\n\n<p><em>La D\u00e9claration des droits des filles<\/em>, \u00c9lisabeth Brami et Estelle Billon Spagnol<\/p>\n\n\n\n<p><em>La D\u00e9claration des droits des gar\u00e7ons<\/em>, \u00c9lisabeth Brami et Estelle Billon Spagnol<\/p>\n\n\n\n<p><em>La Demeure du ciel<\/em>, Laura Nsafou et Olga Guillaud<\/p>\n\n\n\n<p><em>La Dictature des petites couettes<\/em>, Ilya Green<\/p>\n\n\n\n<p><em>La F\u00e9e sorci\u00e8re<\/em>, Brigitte Minne et Carll Cneut<\/p>\n\n\n\n<p><em>La F\u00eate des deux mamans<\/em>, Chadia Loueslati et Ingrid Chabbert<\/p>\n\n\n\n<p><em>La Naissance<\/em>, <em>Agn\u00e8s Rosenstiehl<\/em><\/p>\n\n\n\n<p><em>La Peau du lynx<\/em>, Mathilde Poncet<\/p>\n\n\n\n<p><em>La Petite fille aux singes<\/em>, Patrick McDonnel<\/p>\n\n\n\n<p><em>La Peur<\/em>, <em>Catherine Dolto, Colline Faure-Poir\u00e9e et Fr\u00e9d\u00e9rick Mansot<\/em><\/p>\n\n\n\n<p><em>La Pire des princesses<\/em>, Anna Kemp eet Sara Ogilvie<\/p>\n\n\n\n<p><em>La Poulette d\u2019Eug\u00e9nie<\/em>, Marie Mignot et Rapha\u00eble Frier<\/p>\n\n\n\n<p><em>La Princesse et le poney<\/em>, Kate Beaton<\/p>\n\n\n\n<p><em>La Princesse Finemouche<\/em>, Babette Cole<\/p>\n\n\n\n<p><em>La Princesse qui n\u2019aimait pas les princes<\/em>, Alice Bri\u00e8re-Haquet et Lionel Larchev\u00e8que<\/p>\n\n\n\n<p><em>La Raison des plus grands n\u2019est pas toujours la meilleure<\/em>, Albert Cullum<\/p>\n\n\n\n<p><em>La R\u00e9cr\u00e9 des bulles<\/em>, Aur\u00e9lie Diaz et Ismahene Laidaoui<\/p>\n\n\n\n<p><em>La R\u00e9volte des cocottes<\/em>, Ad\u00e8le Tariel et C\u00e9line Riffard<\/p>\n\n\n\n<p><em>La Soupe \u00e0 la vanille<\/em>, Lindsay Catalan et Val\u00e9rio Fravallo<\/p>\n\n\n\n<p><em>La Tribu qui pue<\/em>, \u00c9lise Gravel et Magali le Huche<\/p>\n\n\n\n<p><em>La Vall\u00e9e du miel<\/em>, Carolane Storm et Caroline Fournier<\/p>\n\n\n\n<p><em>La Voix bleue<\/em>, Carolane Storm et Caroline Fournier<\/p>\n\n\n\n<p><em>Le Bain de Berk<\/em>, Julien B\u00e9ziat<\/p>\n\n\n\n<p><em>Le Bateau r\u00eave<\/em>, Julien Arnal et S\u00e9verine Vidal<\/p>\n\n\n\n<p><em>Le (Bon) Mauvais copain<\/em>, Ryan T. Higgins<\/p>\n\n\n\n<p><em>Le Bus de Rosa<\/em>, Fabrizio Silei et Maurizio A. C. Qaurello<\/p>\n\n\n\n<p><em>Le Capitaine \u00e9toile de mer<\/em>, Allison Colpoys et Davina Bell<\/p>\n\n\n\n<p><em>Le Chat qui est chien<\/em>, Alex Cousseau et Charles Dutertre<\/p>\n\n\n\n<p><em>Le Dernier cow-boy<\/em>, Gr\u00e9goire Kocjan et Lisbeth Renardy<\/p>\n\n\n\n<p><em>Le Fan club des petites b\u00eates<\/em>, \u00c9lise Gravel<\/p>\n\n\n\n<p><em>Le Fan club des champignons<\/em>, \u00c9lise Gravel<\/p>\n\n\n\n<p><em>Le Fils des g\u00e9ants<\/em>, Ga\u00ebl Aymon et Lucie Rioland<\/p>\n\n\n\n<p><em>Le Fleuve<\/em>, Claude Ponti<\/p>\n\n\n\n<p><em>Le Gar\u00e7on en fleurs<\/em>, Jarvis<\/p>\n\n\n\n<p><em>Le Gar\u00e7on qui aimait tout le monde<\/em>, Jane Porter et Maisie Paradise Shearring<\/p>\n\n\n\n<p><em>Le Gar\u00e7on rose malabar<\/em>, Claudine Aubrun<\/p>\n\n\n\n<p><em>Le Lit des parents<\/em>, Christine Naumann-Villemin et Marianne Barcilon<\/p>\n\n\n\n<p><em>Le Loup<\/em>, Mai Lan Chapiron<\/p>\n\n\n\n<p><em>Le Loup en slip<\/em>, Mayana Ito\u00efz et Wilfrid Lupano<\/p>\n\n\n\n<p><em>Le Mariage de Coquet le coq<\/em>, Juan Alfonso Belmontes et Natalie Pudalov<\/p>\n\n\n\n<p><em>Le P\u2019tit bout de bois oubli\u00e9<\/em>, Marine Geay et Romain Baudy<\/p>\n\n\n\n<p><em>Le Papa qui avait dix enfants<\/em>, B\u00e9n\u00e9dicte Guettier<\/p>\n\n\n\n<p><em>Le P\u00e8re No\u00ebl ne fait pas de cadeaux<\/em>, Adela Turin et Margherita Saccaro<\/p>\n\n\n\n<p><em>Le Pestacle<\/em>, Ilya Green<\/p>\n\n\n\n<p><em>Le Petit guide de la foufoune sexuelle<\/em>, Julia Pietri et Victoire Doux<\/p>\n\n\n\n<p><em>Le Rose, le bleu et toi&nbsp;!<\/em> Elise Gravel et Mykaell Blais<\/p>\n\n\n\n<p><em>Le Voyage de June<\/em>, Sandrine Revel et Sophie Kovess-Brun<\/p>\n\n\n\n<p><em>L\u00e9o et son papi aux supers pouvoirs<\/em>, Nabila Amanda et Sylvie Li<\/p>\n\n\n\n<p><em>L\u00e9o l\u00e0-haut<\/em>, Adam Rosier et Melody Kedadouche<\/p>\n\n\n\n<p><em>L\u00e9ontine, princesse en salopette<\/em>, S\u00e9verine Vidal<\/p>\n\n\n\n<p><em>L\u00e9opold et le chat perch\u00e9<\/em>, Loren Bes et Muriel Montagut<\/p>\n\n\n\n<p><em>Les Cinq femmes de Barbargent<\/em>, <em>Adela Turin et Nella Bosnia<\/em><\/p>\n\n\n\n<p><em>Les \u00c9motions<\/em>, Magali Clavelet et Sophie Dussaussois<\/p>\n\n\n\n<p><em>Les Enfants font d\u2019\u00e9pouvantables animaux de compagnie<\/em>, Peter Brown<\/p>\n\n\n\n<p><em>Les Filles<\/em>, Agn\u00e8s Rosenstiehl<\/p>\n\n\n\n<p><em>Les Filles et les gar\u00e7ons peuvent le faire aussi !<\/em> Isabelle Maroger et Sophie Gourion<\/p>\n\n\n\n<p><em>Les Gens sont beaux<\/em>, Baptiste Baulieu et Qin Leng<\/p>\n\n\n\n<p><em>Les Grands gar\u00e7ons pleurent aussi<\/em>, Jonti Howley<\/p>\n\n\n\n<p><em>Les Jours heureux<\/em>, Bernat Cormand<\/p>\n\n\n\n<p><em>Les Papas de Violette<\/em>, \u00c9milie Chazerand et Ga\u00eblle Souppart<\/p>\n\n\n\n<p><em>Les Petits illustr\u00e9s de l\u2019intimit\u00e9<\/em>, Mathilde Baudy et Tiphaine Dieumegard<\/p>\n\n\n\n<p><em>Les Poup\u00e9es c\u2019est pour les filles<\/em>, Ludovic Flamant et Jean-Luc Englebert<\/p>\n\n\n\n<p><em>Les P\u2019tites poules<\/em>, Christian Heinrich et Christian Jolibois<\/p>\n\n\n\n<p><em>Libres, Le Jour o\u00f9 j\u2019ai d\u00e9livr\u00e9 les animaux<\/em>, Am\u00e9lie Graux<\/p>\n\n\n\n<p><em>Loup gris et la mouche<\/em>, Gilles Bizouerne et Ronan Badel<\/p>\n\n\n\n<p><em>Ma maman est bizarre<\/em>, Anna Wanda Gogusey et Camille Victorine<\/p>\n\n\n\n<p><em>Ma maman m\u2019a port\u00e9e dans son coeur<\/em>, Claire Callebotte et Elsa Kedadouche<\/p>\n\n\n\n<p><em>Ma maman vit avec une maladie invisible mais moi je la vois&nbsp;! <\/em>Mathilde Baudy et Tamara Pellegrini<\/p>\n\n\n\n<p><em>Ma poup\u00e9e<\/em>, Annelise Heurtier et Maur\u00e8en Poignonec<\/p>\n\n\n\n<p><em>Ma super famille<\/em>, Gwendoline Raisson et Magali le Huche<\/p>\n\n\n\n<p><em>Madame le lapin blanc<\/em>, Gilles Bachelet<\/p>\n\n\n\n<p><em>Mademoiselle Zazie a-t-elle un zizi? <\/em>Delphine Durand et Thierry Lenain<\/p>\n\n\n\n<p><em>Main oiseau<\/em>, Beno\u00eet Lamennais et Marianne Ferrer<\/p>\n\n\n\n<p><em>Mais comment naissent les parents&nbsp;?<\/em> Aude Picault et Jean Regnaud<\/p>\n\n\n\n<p><em>Mamoune, maman et moi au milieu<\/em>, Kaylani Juanita et Nina LaCour<\/p>\n\n\n\n<p><em>Marius<\/em>, Latifa Alaoui Margio et St\u00e9phane Poulin<\/p>\n\n\n\n<p><em>Marre du rose<\/em>, Ilya Green et Nathalie Hense<\/p>\n\n\n\n<p><em>Mauvaise graine<\/em>, Cl\u00e9mence Sabbagh et Teresa Arroyo Corcobado<\/p>\n\n\n\n<p><em>Merci mon corps<\/em>, Oph\u00e9lie C\u00e9lier, Popy Matigot et Thomas Piet<\/p>\n\n\n\n<p><em>Mes deux mamans<\/em>, Anna Zobel et Bernadette Green<\/p>\n\n\n\n<p><em>Mes deux papas<\/em>, Juliette Parachini-Deny et Marjorie B\u00e9al<\/p>\n\n\n\n<p><em>Moi, mon papa<\/em>, Arnaud Nebbache et Myriam Ouyessad<\/p>\n\n\n\n<p><em>Mon amie Agn\u00e8s<\/em>, Julie Flett<\/p>\n\n\n\n<p><em>Mon coeur<\/em>, Corinna Luyken<\/p>\n\n\n\n<p><em>Mon papa qui ne sait pas dire je t\u2019aime<\/em>, Luciano Lozano et Vincent Guigue<\/p>\n\n\n\n<p><em>Monsieur Loup a les crocs<\/em>, Sandrine-Marie Simon et S\u00e9bastien Chebret<\/p>\n\n\n\n<p><em>Ni poup\u00e9es, ni super-h\u00e9ros ! Mon premier manifeste anti-sexiste<\/em>, Claire Cantais et Delphine Beauvois<\/p>\n\n\n\n<p><em>Non pas dodo&nbsp;!<\/em> St\u00e9phanie Blake<\/p>\n\n\n\n<p><em>Occup\u00e9<\/em>, Matthieu Maudet<\/p>\n\n\n\n<p><em>Oh non, George&nbsp;!<\/em> Chris Haughton<\/p>\n\n\n\n<p><em>Olivia, reine des princesses<\/em>, Ian Falconer<\/p>\n\n\n\n<p><em>Ollie, Un livre sur la pleine conscience<\/em>, \u00c9lise Gravel<\/p>\n\n\n\n<p><em>On n\u2019est pas petits<\/em>, \u00c9lodie Maulucci et Elsa Kedadouche<\/p>\n\n\n\n<p><em>On t\u2019aime comme tu es<\/em>, Carles Ballesteros<\/p>\n\n\n\n<p><em>Op\u00e9ration bye bye b\u00e9ton<\/em>, Oph\u00e9lie Dambl\u00e9 et Roca Balboa<\/p>\n\n\n\n<p><em>Op\u00e9ration nettoyage&nbsp;!<\/em> Dapo Adeola et Nathan Bryon<\/p>\n\n\n\n<p><em>O\u00f9 \u00e7a va?<\/em>Anne-Sophie Baumann et Claire Garralon<\/p>\n\n\n\n<p><em>O\u00f9 es-tu papi&nbsp;?<\/em> Audrey de Matos et Julie Jaumotte<\/p>\n\n\n\n<p><em>Paco<\/em>, Magali Le Huche<\/p>\n\n\n\n<p><em>Papa, c\u2019est quoi un homme haut s\u00e8k\u00e7uel&nbsp;?<\/em> Anne Boulanger<\/p>\n\n\n\n<p><em>Papita<\/em>, Chlo\u00e9 Vivar\u00e8s et Lucie Dessertine<\/p>\n\n\n\n<p><em>Pareils et diff\u00e9rents<\/em>, \u00c9lodie Maulucci et Elsa Kedadouche<\/p>\n\n\n\n<p><em>Parfois je me sens\u2026 <\/em>Anthony Browne<\/p>\n\n\n\n<p><em>Pas de panique, petit crabe<\/em>, Chris Haughton<\/p>\n\n\n\n<p><em>Pas moi<\/em>, \u00c9lise Gravel<\/p>\n\n\n\n<p><em>Patatouille<\/em>, Tiffany Cooper<\/p>\n\n\n\n<p><em>Peau d\u2019\u00e9pice<\/em>, Beata Umubyeyi Mairesse et V\u00e9ronique Joffre<\/p>\n\n\n\n<p><em>Pendant 9 mois,&nbsp;<\/em><em>Britta Teckentrup et <\/em>Smriti Prasadam-Halls<\/p>\n\n\n\n<p><em>Petit poilu<\/em>, C\u00e9line Fraipont et Pierre Bailly<\/p>\n\n\n\n<p><em>Petit poussin press\u00e9<\/em>, Claude Cl\u00e9ment et Erost<\/p>\n\n\n\n<p><em>Petit pr\u00e9cis d\u2019esprit critique, sur les traces du P\u00e8re N\u00f6el<\/em>, \u00c9lodie Callis et Mathilde Baudy<\/p>\n\n\n\n<p><em>Petite Frida<\/em>, Anthony Browne<\/p>\n\n\n\n<p><em>Petite p\u00e9pite<\/em>, Nada Matta<\/p>\n\n\n\n<p><em>P\u00e9tronille et ses 120 petits<\/em>, Claude Ponti<\/p>\n\n\n\n<p><em>Philo m\u00e8ne la danse<\/em>, S\u00e9verine Vidal<\/p>\n\n\n\n<p><em>Philom\u00e8ne m\u2019aime<\/em>, Jean-Christophe Mazurie<\/p>\n\n\n\n<p><em>Poka et Mine&nbsp;: le football<\/em>, Kitty Crowther<\/p>\n\n\n\n<p><em>Princesse Kevin<\/em>, Micha\u00ebl Escoffier et Roland Garrigue<\/p>\n\n\n\n<p><em>Qui veut jouer au foot&nbsp;?<\/em> Myriam Gallot<\/p>\n\n\n\n<p><em>Renard et Renard<\/em>, Klaus Ensikat et Max Bolliger<\/p>\n\n\n\n<p><em>R\u00eaveur<\/em>, Mark Janssen<\/p>\n\n\n\n<p><em>R\u00e9volte&nbsp;!<\/em> Popy Matigot et Sandra le Guen<\/p>\n\n\n\n<p><em>Rose, bleu et toi&nbsp;!<\/em> \u00c9lise Gravel<\/p>\n\n\n\n<p><em>Rose bonbon<\/em>, Adela Turin et Nella Bosnia<\/p>\n\n\n\n<p><em>Salut, poup\u00e9e&nbsp;!<\/em> Adela Turin et Margherita Saccaro<\/p>\n\n\n\n<p><em>S\u00e9raphine aime oiseau<\/em>, Anne Sylvestre et Annie Chazottes<\/p>\n\n\n\n<p><em>Sous les paupi\u00e8res<\/em>, Claire Pommet et Pauline de Tarragon<\/p>\n\n\n\n<p><em>Sur l\u2019\u00eele des Zertes<\/em>, Claude Ponti<\/p>\n\n\n\n<p><em>Susie, la petite oie qui en a assez d\u2019\u00eatre une oie<\/em>, Petr Hor\u00e1\u010dek<\/p>\n\n\n\n<p><em>Tango a deux papas et pourquoi pas&nbsp;? B\u00e9atrice Boutignon<\/em><\/p>\n\n\n\n<p><em>Terminus<\/em>, Christian Robinson et Matt de la Pe\u00f1a<\/p>\n\n\n\n<p><em>Titiritesse<\/em>, Maurizio A. C. Quarello et Xerardo Quinti\u00e1<\/p>\n\n\n\n<p><em>Tout change<\/em>, \u00c5sa Gilland et Clare Helen Welsh<\/p>\n\n\n\n<p><em>Tout est si brillant<\/em>, Jehane Yazami et Tarek Lakhrissi<\/p>\n\n\n\n<p><em>Tout le monde&nbsp;!<\/em> \u00c9lise Gravel<\/p>\n\n\n\n<p><em>Tout m\u00e9lang\u00e9&nbsp;! <\/em>(<em>Mixed<\/em>), Arree Chung<\/p>\n\n\n\n<p><em>Trois baisers d\u2019amour pour Karam<\/em>, Kochka et Cl\u00e9mence P\u00e9nicaud<\/p>\n\n\n\n<p><em>Tu peux<\/em>, \u00c9lise Gravel<\/p>\n\n\n\n<p><em>Un air de familles<\/em><em>, B\u00e9atrice Boutignon<\/em><\/p>\n\n\n\n<p><em>Un appartement g\u00e9nial<\/em><em>, Norman Junge et Paul Maar<\/em><\/p>\n\n\n\n<p><em>Un jour mon prince viendra<\/em><em>, Agn\u00e8s Laroche et Fabienne Brunner<\/em><\/p>\n\n\n\n<p><em>Un petit fr\u00e8re\u2026 et moi alors&nbsp;?&nbsp;<\/em>B\u00e9atrice Grumler et Julie Brouant<\/p>\n\n\n\n<p><em>Une patate \u00e0 v\u00e9lo, <\/em>\u00c9lise Gravel<\/p>\n\n\n\n<p><em>Vas-y Jabari&nbsp;!<\/em> Christiane Duchesne et Gaia Cornwall<\/p>\n\n\n\n<p><em>Vite, vite ch\u00e8re Marie<\/em>, Erik Blegvad et Niels Mogens Bodecker<\/p>\n\n\n\n<p><em>What makes a baby<\/em>, Cory Silverberg et Fiona Smyth<\/p>\n\n\n\n<p><em>Zette et Zotte \u00e0 l\u2019uzine<\/em>, Elsa Valentin et Fabienne Cinquin<\/p>\n\n\n\n<p><strong>Magazines<\/strong><\/p>\n\n\n\n<p><em>Les Belles histoires<\/em><\/p>\n\n\n\n<p><em>Tchikita<\/em><\/p>\n\n\n\n<p><em>YoupiDoc<\/em><\/p>\n\n\n\n<p><strong>Films<\/strong><\/p>\n\n\n\n<p><em>Alice au pays des merveilles<\/em><\/p>\n\n\n\n<p><em>Charlot machiniste<\/em><\/p>\n\n\n\n<p><em>Comme des b\u00eates<\/em><\/p>\n\n\n\n<p><em>\u00c9milie Jolie<\/em><\/p>\n\n\n\n<p><em>Encanto<\/em><\/p>\n\n\n\n<p><em>Ivan Tsar\u00e9vitch et la princesse changeante<\/em><\/p>\n\n\n\n<p><em>Jardins enchant\u00e9s<\/em><\/p>\n\n\n\n<p><em>Kirikou et des hommes et des femmes<\/em><\/p>\n\n\n\n<p><em>Kung fu panda<\/em><\/p>\n\n\n\n<p><em>La Baleine et l\u2019escargote<\/em><\/p>\n\n\n\n<p><em>La Belle et la b\u00eate<\/em><\/p>\n\n\n\n<p><em>La Belle et le clochard<\/em><\/p>\n\n\n\n<p><em>La Naissance des oasis<\/em><\/p>\n\n\n\n<p><em>La Reine des neiges<\/em><\/p>\n\n\n\n<p><em>Le Gruffalo<\/em><\/p>\n\n\n\n<p><em>Le Livre de la jungle<\/em><\/p>\n\n\n\n<p><em>Le Peuple loup<\/em><\/p>\n\n\n\n<p><em>Le Roi et l\u2019oiseau<\/em><\/p>\n\n\n\n<p><em>Les Aristochats<\/em><\/p>\n\n\n\n<p><em>Linda veut du poulet&nbsp;!<\/em><\/p>\n\n\n\n<p><em>Madagascar<\/em><\/p>\n\n\n\n<p><em>Mary Poppins<\/em><\/p>\n\n\n\n<p><em>Monstres et cie<\/em><\/p>\n\n\n\n<p><em>Mulan<\/em><\/p>\n\n\n\n<p><em>Pocahontas<\/em><\/p>\n\n\n\n<p><em>Ponyo sur la falaise<\/em><\/p>\n\n\n\n<p><em>Quand je suis triste<\/em><\/p>\n\n\n\n<p><em>Ratatouille<\/em><\/p>\n\n\n\n<p><em>Shaun le mouton<\/em><\/p>\n\n\n\n<p><em>Shrek<\/em><\/p>\n\n\n\n<p><em>Superasticot<\/em><\/p>\n\n\n\n<p><em>Toys story<\/em><\/p>\n\n\n\n<p><em>Vice versa<\/em><\/p>\n\n\n\n<p><em>Yuku et la fleur de l\u2019Himalaya<\/em><\/p>\n\n\n\n<p><em>Zibilla ou la vie z\u00e9br\u00e9e<\/em><\/p>\n\n\n\n<p><strong>Podcasts<\/strong><\/p>\n\n\n\n<p><em>3 minutes contre les st\u00e9r\u00e9otypes, <\/em>Laura Willems<\/p>\n\n\n\n<p><em>B<\/em><em>estioles<\/em>, France inter<\/p>\n\n\n\n<p><em>Envol\u00e9es cont\u00e9es<\/em>, Lucile Petit, H\u00e9lo\u00efse Pierre, Marie Brd et Suzanne Jolys<\/p>\n\n\n\n<p><em>Une histoire et Oli<\/em>, France inter<\/p>\n\n\n\n<p><strong>Biblioth\u00e8que parents<\/strong><\/p>\n\n\n\n<p><strong>Livres<\/strong><\/p>\n\n\n\n<p><em>30 discussions pour une \u00e9ducation antisexiste<\/em>, \u00c9lisa Rigoulet et Pihla Hintikka<\/p>\n\n\n\n<p><em>A\u00efe, mes a\u00efeux&nbsp;! <\/em>Anne Ancelin Sch\u00fctzenberger<\/p>\n\n\n\n<p><em>Au coeur des \u00e9motions de l\u2019enfant<\/em>, Isabelle Filliozat<\/p>\n\n\n\n<p><em>Boris Cyrulnik et la petite enfance<\/em>, Collectif Philippe Duval<\/p>\n\n\n\n<p><em>C\u2019est pour ton bien<\/em>, Alice Miller<\/p>\n\n\n\n<p><em>Ces enfants malades de leurs parents<\/em>, Anne Ancelin Sch\u00fctzenberger et Ghislain Devroede<\/p>\n\n\n\n<p><em>Ch\u00e8re Ijeawele ou un manifeste pour une \u00e9ducation f\u00e9ministe<\/em>, Chimamanda Ngozi Adichie<\/p>\n\n\n\n<p><em>Comment traumatiser votre enfant, 7 m\u00e9thodes infaillibles pour en faire un \u00eatre inadapt\u00e9 mais g\u00e9nial<\/em>, Jamie Thompson Stern et Jen Bilik<\/p>\n\n\n\n<p><em>Contre les jouets sexistes<\/em>, Collectif Mix-cit\u00e9<\/p>\n\n\n\n<p><em>Corps, amour, sexualit\u00e9, Les 100 questions que votre enfant va vous poser<\/em>, Charline Vermont<\/p>\n\n\n\n<p><em>Du c\u00f4t\u00e9 des petites filles<\/em>, Elena Gianini Belotti<\/p>\n\n\n\n<p><em>\u00c9duquer sans pr\u00e9jug\u00e9s, Pour une \u00e9ducation non-sexiste des filles et des gar\u00e7ons<\/em>, Amandine Hancewicz et Manuela Spinelli<\/p>\n\n\n\n<p><em>Enfants de manipulateurs, Comment les prot\u00e9ger&nbsp;?<\/em> Christel Petitcollin<\/p>\n\n\n\n<p><em>Entrer en p\u00e9dagogie f\u00e9ministe<\/em>, Audrey Chenu et V\u00e9ronique Decker<\/p>\n\n\n\n<p><em>Faire famille autrement<\/em>, Gabrielle Richard<\/p>\n\n\n\n<p><em>Faire je(u) \u00e9gal, Penser les espaces \u00e0 l\u2019\u00e9cole pour inclure tous les enfants<\/em>, \u00c9dith Maruejouls<\/p>\n\n\n\n<p>dith Maruejouls<\/p>\n\n\n\n<p><em>H\u00e9t\u00e9ro, l\u2019\u00e9cole&nbsp;? Plaidoyer pour une \u00e9ducation antioppressive \u00e0 la sexualit\u00e9<\/em>, Gabrielle Richard<\/p>\n\n\n\n<p><em>In\u00e9galit\u00e9s filles-gar\u00e7ons \u00e0 l\u2019\u00e9cole maternelle<\/em>, Dylan Racana<\/p>\n\n\n\n<p><em>La Charge \u00e9motionnelle, et autres trucs invisibles<\/em>, Emma<\/p>\n\n\n\n<p><em>La Fabrique des gar\u00e7ons<\/em>, Sylvie Ayral<\/p>\n\n\n\n<p><em>La Puissance des m\u00e8res<\/em>, Fatima Ouassak<\/p>\n\n\n\n<p><em>La Volont\u00e9 de changer, Les Hommes, la masculinit\u00e9 et l\u2019amour<\/em>, Bell Hooks<\/p>\n\n\n\n<p><em>Le Corps ne ment jamais<\/em>, Alice Miller<\/p>\n\n\n\n<p><em>Les Lois naturelles de l\u2019enfant<\/em>, C\u00e9line Alvarez<\/p>\n\n\n\n<p><em>Les Mots sont des fen\u00eatres (ou bien ce sont des murs)<\/em>, Marshall B. Rosenberg<\/p>\n\n\n\n<p><em>Nouvelle m\u00e8re<\/em>, C\u00e9cile Doherty-Bigara<\/p>\n\n\n\n<p><em>Petit trait\u00e9 d\u2019\u00e9ducation f\u00e9ministe<\/em>, Lucile Bellan<\/p>\n\n\n\n<p><em>Serre-moi fort, Comment \u00e9lever vos enfants avec amour<\/em>, Carlos Gonz\u00e1lez<\/p>\n\n\n\n<p><em>Tu seras un homme \u2013 f\u00e9ministe \u2013 mon fils&nbsp;! Manuel d\u2019\u00e9ducation antisexiste pour des gar\u00e7ons libres et heureux<\/em>, Aur\u00e9lia Blanc<\/p>\n\n\n\n<p><em>Tu vas \u00eatre papa<\/em>, Blachette et C\u00e9dric Rostein<\/p>\n\n\n\n<p><em>Une autre \u00e9cole est possible, D\u00e9construire l\u2019institution pour se lib\u00e9rer des oppressions<\/em>, Yuna Visentin<\/p>\n\n\n\n<p><em>Une enfance en n(or)d, Pour une \u00e9ducation sans violence et \u00e0 hauteur d\u2019enfant<\/em>, Marion Cuerq<\/p>\n\n\n\n<p><strong>Films<\/strong><\/p>\n\n\n\n<p><em>\u00catre et devenir<\/em>, documentaire de Clara Bellar<\/p>\n\n\n\n<p><strong>Sites internets<\/strong><\/p>\n\n\n\n<p><a href=\\\"http:\/\/www.elisegravel.com\/\\\">www.<\/a><a href=\\\"http:\/\/www.elisegravel.com\/\\\">elisegravel.com<\/a><\/p>\n\n\n\n<p><a href=\\\"http:\/\/www.fcpe-marseille.fr\/\\\">www.<\/a><a href=\\\"http:\/\/www.fcpe-marseille.fr\/\\\">fcpe-marseille.fr<\/a><\/p>\n\n\n\n<p><a href=\\\"http:\/\/www.mamanrodarde.com\/\\\">www.<\/a><a href=\\\"http:\/\/www.mamanrodarde.com\/\\\">mamanrodarde.com<\/a><\/p>\n\n\n\n<p>D\u00e9pliant antisexiste fille 1<\/p>\n\n\n\n<p>D\u00e9pliant antisexiste fille 2<\/p>\n\n\n\n<p>D\u00e9pliant antisexiste gar\u00e7on<\/p>\n\n\n\n<p><strong>Pages instagram<\/strong><\/p>\n\n\n\n<p>@helenepouille<\/p>\n\n\n\n<p>@kifferlecole<\/p>\n\n\n\n<p>@parents_et_feministes<\/p>\n\n\n\n<p>@yestess.familles<\/p>\n","protected":false},"excerpt":{"rendered":"<p>Livres \u00c0 calicochon, Anthony Browne Ada, la grincheuse en tutu, \u00c9lise Gravel Alerte&nbsp;: culottes meurtri\u00e8res, \u00c9lise Gravel All\u00f4 maman taxiphone, Didier L\u00e9vy et H\u00e9lo\u00efse Solt Amour, beaut\u00e9 et crotte de nez, Jean-Fran\u00e7ois Moriceau et Petra Mrzyk Ana Ana, Alexis Dormal et Dominique Roques Apr\u00e8s le d\u00e9luge, Adela Turin et Nella Bosnia Au bout du monde [&hellip;]<\/p>\n","protected":false},"author":1,"featured_media":0,"comment_status":"closed","ping_status":"closed","sticky":false,"template":"","format":"standard","meta":{"_acf_changed":false,"footnotes":""},"categories":[],"tags":[],"class_list":["post-199","post","type-post","status-publish","format-standard","hentry"],"acf":[],"yoast_head":"<!-- This site is optimized with the Yoast SEO plugin v26.1.1 - https:\/\/yoast.com\/wordpress\/plugins\/seo\/ -->\n<title>Biblioth\u00e8que enfants -<\/title>\n<meta name=\"robots\" content=\"index, follow, max-snippet:-1, max-image-preview:large, max-video-preview:-1\" \/>\n<link rel=\"canonical\" href=\"https:\/\/ape-copello.org\/?page_id=199\" \/>\n<meta property=\"og:locale\" content=\"en_US\" \/>\n<meta property=\"og:type\" content=\"article\" \/>\n<meta property=\"og:title\" content=\"Biblioth\u00e8que enfants -\" \/>\n<meta property=\"og:description\" content=\"Livres \u00c0 calicochon, Anthony Browne Ada, la grincheuse en tutu, \u00c9lise Gravel Alerte&nbsp;: culottes meurtri\u00e8res, \u00c9lise Gravel All\u00f4 maman taxiphone, Didier L\u00e9vy et H\u00e9lo\u00efse Solt Amour, beaut\u00e9 et crotte de nez, Jean-Fran\u00e7ois Moriceau et Petra Mrzyk Ana Ana, Alexis Dormal et Dominique Roques Apr\u00e8s le d\u00e9luge, Adela Turin et Nella Bosnia Au bout du monde [&hellip;]\" \/>\n<meta property=\"og:url\" content=\"https:\/\/ape-copello.org\/?page_id=199\" \/>\n<meta property=\"article:modified_time\" content=\"2024-05-16T13:36:36+00:00\" \/>\n<meta name=\"twitter:card\" content=\"summary_large_image\" \/>\n<script type=\"application\/ld+json\" class=\"yoast-schema-graph\">{\"@context\":\"https:\/\/schema.org\",\"@graph\":[{\"@type\":\"WebPage\",\"@id\":\"https:\/\/ape-copello.org\/?page_id=199\",\"url\":\"https:\/\/ape-copello.org\/?page_id=199\",\"name\":\"Biblioth\u00e8que enfants -\",\"isPartOf\":{\"@id\":\"https:\/\/ape-copello.org\/#website\"},\"datePublished\":\"2024-05-16T13:36:35+00:00\",\"dateModified\":\"2024-05-16T13:36:36+00:00\",\"breadcrumb\":{\"@id\":\"https:\/\/ape-copello.org\/?page_id=199#breadcrumb\"},\"inLanguage\":\"en-US\",\"potentialAction\":[{\"@type\":\"ReadAction\",\"target\":[\"https:\/\/ape-copello.org\/?page_id=199\"]}]},{\"@type\":\"BreadcrumbList\",\"@id\":\"https:\/\/ape-copello.org\/?page_id=199#breadcrumb\",\"itemListElement\":[{\"@type\":\"ListItem\",\"position\":1,\"name\":\"Accueil\",\"item\":\"https:\/\/ape-copello.org\/\"},{\"@type\":\"ListItem\",\"position\":2,\"name\":\"Biblioth\u00e8que enfants\"}]},{\"@type\":\"WebSite\",\"@id\":\"https:\/\/ape-copello.org\/#website\",\"url\":\"https:\/\/ape-copello.org\/\",\"name\":\"\",\"description\":\"\",\"potentialAction\":[{\"@type\":\"SearchAction\",\"target\":{\"@type\":\"EntryPoint\",\"urlTemplate\":\"https:\/\/ape-copello.org\/?s={search_term_string}\"},\"query-input\":{\"@type\":\"PropertyValueSpecification\",\"valueRequired\":true,\"valueName\":\"search_term_string\"}}],\"inLanguage\":\"en-US\"}]}<\/script>\n<!-- \/ Yoast SEO plugin. -->","yoast_head_json":{"title":"Biblioth\u00e8que enfants -","robots":{"index":"index","follow":"follow","max-snippet":"max-snippet:-1","max-image-preview":"max-image-preview:large","max-video-preview":"max-video-preview:-1"},"canonical":"https:\/\/ape-copello.org\/?page_id=199","og_locale":"en_US","og_type":"article","og_title":"Biblioth\u00e8que enfants -","og_description":"Livres \u00c0 calicochon, Anthony Browne Ada, la grincheuse en tutu, \u00c9lise Gravel Alerte&nbsp;: culottes meurtri\u00e8res, \u00c9lise Gravel All\u00f4 maman taxiphone, Didier L\u00e9vy et H\u00e9lo\u00efse Solt Amour, beaut\u00e9 et crotte de nez, Jean-Fran\u00e7ois Moriceau et Petra Mrzyk Ana Ana, Alexis Dormal et Dominique Roques Apr\u00e8s le d\u00e9luge, Adela Turin et Nella Bosnia Au bout du monde [&hellip;]","og_url":"https:\/\/ape-copello.org\/?page_id=199","article_modified_time":"2024-05-16T13:36:36+00:00","twitter_card":"summary_large_image","schema":{"@context":"https:\/\/schema.org","@graph":[{"@type":"WebPage","@id":"https:\/\/ape-copello.org\/?page_id=199","url":"https:\/\/ape-copello.org\/?page_id=199","name":"Biblioth\u00e8que enfants -","isPartOf":{"@id":"https:\/\/ape-copello.org\/#website"},"datePublished":"2024-05-16T13:36:35+00:00","dateModified":"2024-05-16T13:36:36+00:00","breadcrumb":{"@id":"https:\/\/ape-copello.org\/?page_id=199#breadcrumb"},"inLanguage":"en-US","potentialAction":[{"@type":"ReadAction","target":["https:\/\/ape-copello.org\/?page_id=199"]}]},{"@type":"BreadcrumbList","@id":"https:\/\/ape-copello.org\/?page_id=199#breadcrumb","itemListElement":[{"@type":"ListItem","position":1,"name":"Accueil","item":"https:\/\/ape-copello.org\/"},{"@type":"ListItem","position":2,"name":"Biblioth\u00e8que enfants"}]},{"@type":"WebSite","@id":"https:\/\/ape-copello.org\/#website","url":"https:\/\/ape-copello.org\/","name":"","description":"","potentialAction":[{"@type":"SearchAction","target":{"@type":"EntryPoint","urlTemplate":"https:\/\/ape-copello.org\/?s={search_term_string}"},"query-input":{"@type":"PropertyValueSpecification","valueRequired":true,"valueName":"search_term_string"}}],"inLanguage":"en-US"}]}},"_links":{"self":[{"href":"https:\/\/ape-copello.org\/index.php?rest_route=\/wp\/v2\/posts\/199","targetHints":{"allow":["GET"]}}],"collection":[{"href":"https:\/\/ape-copello.org\/index.php?rest_route=\/wp\/v2\/posts"}],"about":[{"href":"https:\/\/ape-copello.org\/index.php?rest_route=\/wp\/v2\/types\/post"}],"author":[{"embeddable":true,"href":"https:\/\/ape-copello.org\/index.php?rest_route=\/wp\/v2\/users\/1"}],"replies":[{"embeddable":true,"href":"https:\/\/ape-copello.org\/index.php?rest_route=%2Fwp%2Fv2%2Fcomments&post=199"}],"version-history":[{"count":0,"href":"https:\/\/ape-copello.org\/index.php?rest_route=\/wp\/v2\/posts\/199\/revisions"}],"wp:attachment":[{"href":"https:\/\/ape-copello.org\/index.php?rest_route=%2Fwp%2Fv2%2Fmedia&parent=199"}],"wp:term":[{"taxonomy":"category","embeddable":true,"href":"https:\/\/ape-copello.org\/index.php?rest_route=%2Fwp%2Fv2%2Fcategories&post=199"},{"taxonomy":"post_tag","embeddable":true,"href":"https:\/\/ape-copello.org\/index.php?rest_route=%2Fwp%2Fv2%2Ftags&post=199"}],"curies":[{"name":"wp","href":"https:\/\/api.w.org\/{rel}","templated":true}]}}