{"id":189,"date":"2024-05-16T15:30:15","date_gmt":"2024-05-16T13:30:15","guid":{"rendered":"https:\/\/ape-copello.org\/?page_id=189"},"modified":"2024-05-16T15:30:16","modified_gmt":"2024-05-16T13:30:16","slug":"temperature-basse-dans-les-classes-en-hiver","status":"publish","type":"post","link":"https:\/\/ape-copello.org\/?p=189","title":{"rendered":"Temp\u00e9rature basse dans les classes (en hiver !)"},"content":{"rendered":"\n<p><strong>12 d\u00e9cembre 2023<\/strong><\/p>\n\n\n\n<p>Situation inadmissible \u00e0 l\\&#8217;\u00e9cole : la chaudi\u00e8re de l\u2019annexe est en panne depuis le vendredi 1<sup>er<\/sup> d\u00e9cembre 2023 et les classes de Euria, Ga\u00ebl et V\u00e9ronique ainsi que le dortoir des petites et petits attenant, sans chauffage. Les temp\u00e9ratures sont descendues \u00e0 12\u00b0C, sachant que sous 18\u00b0C la temp\u00e9rature est consid\u00e9r\u00e9e comme inacceptable par l\\&#8217;INRS (Institut National de Recherche et de S\u00e9curit\u00e9). Dans le monde du travail, c\\&#8217;est une raison recevable pour exercer son droit de retrait.&nbsp;<\/p>\n\n\n\n<p>Il y a eu quelques vagues avanc\u00e9es, au gr\u00e9 de quelques interventions sans effet, comme le pr\u00eat inadapt\u00e9 de convecteurs \u00e9lectriques, sachant que le probl\u00e8me \u00e9tant d\\&#8217;ordre \u00e9lectrique, brancher les convecteurs \u00e9lectriques faisait sauter les plombs. Aujourd\\&#8217;hui, deux semaines plus tard, le probl\u00e8me a \u00e9t\u00e9 d\u00e9termin\u00e9 : la patine \u00e9lectrique serait cass\u00e9e, alors quand elle arrivera, apr\u00e8s le rapport du technicien, la commande de la pi\u00e8ce et la reprogrammation d\\&#8217;une intervention, on pourra envisager que le probl\u00e8me soit solutionn\u00e9.&nbsp;<\/p>\n\n\n\n<p>C\\&#8217;est beaucoup trop long et incertain en termes de d\u00e9lai et la d\u00e9sinvolture avec laquelle est trait\u00e9e la sant\u00e9 des enfants est aussi inacceptable que la situation dont iels sont victimes ainsi que leurs institutrices et tatas.<\/p>\n\n\n\n<p>Pour les interpeller sur cette situation alarmante, nous avons envoy\u00e9 un courrier par mail \u00e0 Didier Jau, Pierre-Marie Ganozzi, Odile Tagawa et J\u00e9r\u00f4me Barbery. Le courrier est ci-dessous et nous vous invitons \u00e0 leur \u00e9crire \u00e9galement pour leur partager votre ressenti sur la situation et l\\&#8217;urgence absolue que le probl\u00e8me soit r\u00e9solu. En esp\u00e9rant qu\\&#8217;en se saisissant collectivement de cette affaire, la r\u00e9action soit enfin \u00e0 la hauteur de la gravit\u00e9 de la situation.<\/p>\n\n\n\n<p>Courrier situation pr\u00e9occupante temp\u00e9ratures, d\u00e9cembre 2023<\/p>\n\n\n\n<p><strong>10 janvier 2024<\/strong><\/p>\n\n\n\n<p>Bonne ann\u00e9e !&nbsp;<\/p>\n\n\n\n<p>chaleureuse surtout<\/p>\n\n\n\n<p>La chaudi\u00e8re de l\\&#8217;\u00e9cole n\\&#8217;a toujours pas \u00e9t\u00e9 r\u00e9par\u00e9e, c\\&#8217;est scandaleux.<\/p>\n\n\n\n<p>\u00c7a va donc faire quatre semaines que des enfants de 2,5 \u00e0 6 ans (ainsi que leurs institutrices et leurs tatas) passent leurs journ\u00e9es \u00e0 des temp\u00e9ratures entre 12 et 15\u00b0C, c\\&#8217;est grave, le mot est faible.<\/p>\n\n\n\n<p>De nos \u00e9changes avec la mairie, ne ressort que le fait qu\\&#8217;ils sont autant mobilis\u00e9s qu\\&#8217;incomp\u00e9tents. Le r\u00e9cit assommant aux bien trop nombreuses p\u00e9rip\u00e9ties avec lequel ils nous baladent au lieu d\\&#8217;\u00eatre efficaces est consternant. Ce n\\&#8217;est pas de dialectique politique dont nous avons besoin mais d\\&#8217;un chauffagiste.<\/p>\n\n\n\n<p>Aujourd\\&#8217;hui, Enedis est \u00e0 priori venu \u00e0 l\\&#8217;\u00e9cole changer le disjoncteur pour permettre de brancher les convecteurs \u00e9lectriques dans les classes et le dortoir, enfin ! du bricolage, une solution <strong>transitoire<\/strong> qui <em>devrait cette fois<\/em> fonctionner, super ! si \u00e7a avait \u00e9t\u00e9 fait&#8230; il y a plus d\\&#8217;un mois.<\/p>\n\n\n\n<p>C\\&#8217;est honteux.<\/p>\n\n\n\n<p>En cons\u00e9quence de quoi, merci aux parents des classes concern\u00e9es de bien remplir les fiches RSST qui leur ont \u00e9t\u00e9 distribu\u00e9es, et de les donner \u00e0 Hakim cette semaine pour qu\\&#8217;il puisse les faire remonter au rectorat.<\/p>\n\n\n\n<p>\u00c9galement, l\\&#8217;APE organise un <strong>go\u00fbter de la col\u00e8re<\/strong>, m\u00e9diatis\u00e9, <strong>ce vendredi<\/strong><strong> 12 janvier 2024<\/strong> devant l\\&#8217;\u00e9cole c\u00f4t\u00e9 Clairistes <strong>\u00e0 partir de 16h20<\/strong>. On vous esp\u00e8re nombreuses et nombreux pour d\u00e9noncer cette situation inadmissible et dangereuse pour la sant\u00e9 des enfants et de leurs \u00e9ducatrices.<\/p>\n\n\n\n<p>Affiche go\u00fbter de la col\u00e8re, janvier 2024<\/p>\n\n\n\n<p><strong>16 janvier 2024<\/strong><\/p>\n\n\n\n<p>La chaudi\u00e8re a \u00e9t\u00e9 r\u00e9par\u00e9e&nbsp;!<\/p>\n\n\n\n<p>Un mois et demi apr\u00e8s la panne, quatre jours apr\u00e8s l\u2019intervention m\u00e9diatique.<\/p>\n\n\n\n<p>\u00c0 priori, elle est comme neuve.<\/p>\n\n\n\n<p>Pendant les vacances d\u2019\u00e9t\u00e9, une chaudi\u00e8re de secours sera install\u00e9e, comme c\u2019est la norme et le cas dans le b\u00e2timent principal.<\/p>\n","protected":false},"excerpt":{"rendered":"<p>12 d\u00e9cembre 2023 Situation inadmissible \u00e0 l\\&#8217;\u00e9cole : la chaudi\u00e8re de l\u2019annexe est en panne depuis le vendredi 1er d\u00e9cembre 2023 et les classes de Euria, Ga\u00ebl et V\u00e9ronique ainsi que le dortoir des petites et petits attenant, sans chauffage. Les temp\u00e9ratures sont descendues \u00e0 12\u00b0C, sachant que sous 18\u00b0C la temp\u00e9rature est consid\u00e9r\u00e9e comme [&hellip;]<\/p>\n","protected":false},"author":1,"featured_media":0,"comment_status":"closed","ping_status":"closed","sticky":false,"template":"","format":"standard","meta":{"_acf_changed":false,"footnotes":""},"categories":[],"tags":[],"class_list":["post-189","post","type-post","status-publish","format-standard","hentry"],"acf":[],"yoast_head":"<!-- This site is optimized with the Yoast SEO plugin v26.1.1 - https:\/\/yoast.com\/wordpress\/plugins\/seo\/ -->\n<title>Temp\u00e9rature basse dans les classes (en hiver !) -<\/title>\n<meta name=\"robots\" content=\"index, follow, max-snippet:-1, max-image-preview:large, max-video-preview:-1\" \/>\n<link rel=\"canonical\" href=\"https:\/\/ape-copello.org\/?page_id=189\" \/>\n<meta property=\"og:locale\" content=\"en_US\" \/>\n<meta property=\"og:type\" content=\"article\" \/>\n<meta property=\"og:title\" content=\"Temp\u00e9rature basse dans les classes (en hiver !) -\" \/>\n<meta property=\"og:description\" content=\"12 d\u00e9cembre 2023 Situation inadmissible \u00e0 l&#8217;\u00e9cole : la chaudi\u00e8re de l\u2019annexe est en panne depuis le vendredi 1er d\u00e9cembre 2023 et les classes de Euria, Ga\u00ebl et V\u00e9ronique ainsi que le dortoir des petites et petits attenant, sans chauffage. Les temp\u00e9ratures sont descendues \u00e0 12\u00b0C, sachant que sous 18\u00b0C la temp\u00e9rature est consid\u00e9r\u00e9e comme [&hellip;]\" \/>\n<meta property=\"og:url\" content=\"https:\/\/ape-copello.org\/?page_id=189\" \/>\n<meta property=\"article:modified_time\" content=\"2024-05-16T13:30:16+00:00\" \/>\n<meta name=\"twitter:card\" content=\"summary_large_image\" \/>\n<meta name=\"twitter:label1\" content=\"Est. reading time\" \/>\n\t<meta name=\"twitter:data1\" content=\"3 minutes\" \/>\n<script type=\"application\/ld+json\" class=\"yoast-schema-graph\">{\"@context\":\"https:\/\/schema.org\",\"@graph\":[{\"@type\":\"WebPage\",\"@id\":\"https:\/\/ape-copello.org\/?page_id=189\",\"url\":\"https:\/\/ape-copello.org\/?page_id=189\",\"name\":\"Temp\u00e9rature basse dans les classes (en hiver !) -\",\"isPartOf\":{\"@id\":\"https:\/\/ape-copello.org\/#website\"},\"datePublished\":\"2024-05-16T13:30:15+00:00\",\"dateModified\":\"2024-05-16T13:30:16+00:00\",\"breadcrumb\":{\"@id\":\"https:\/\/ape-copello.org\/?page_id=189#breadcrumb\"},\"inLanguage\":\"en-US\",\"potentialAction\":[{\"@type\":\"ReadAction\",\"target\":[\"https:\/\/ape-copello.org\/?page_id=189\"]}]},{\"@type\":\"BreadcrumbList\",\"@id\":\"https:\/\/ape-copello.org\/?page_id=189#breadcrumb\",\"itemListElement\":[{\"@type\":\"ListItem\",\"position\":1,\"name\":\"Accueil\",\"item\":\"https:\/\/ape-copello.org\/\"},{\"@type\":\"ListItem\",\"position\":2,\"name\":\"Temp\u00e9rature basse dans les classes (en hiver !)\"}]},{\"@type\":\"WebSite\",\"@id\":\"https:\/\/ape-copello.org\/#website\",\"url\":\"https:\/\/ape-copello.org\/\",\"name\":\"\",\"description\":\"\",\"potentialAction\":[{\"@type\":\"SearchAction\",\"target\":{\"@type\":\"EntryPoint\",\"urlTemplate\":\"https:\/\/ape-copello.org\/?s={search_term_string}\"},\"query-input\":{\"@type\":\"PropertyValueSpecification\",\"valueRequired\":true,\"valueName\":\"search_term_string\"}}],\"inLanguage\":\"en-US\"}]}<\/script>\n<!-- \/ Yoast SEO plugin. -->","yoast_head_json":{"title":"Temp\u00e9rature basse dans les classes (en hiver !) -","robots":{"index":"index","follow":"follow","max-snippet":"max-snippet:-1","max-image-preview":"max-image-preview:large","max-video-preview":"max-video-preview:-1"},"canonical":"https:\/\/ape-copello.org\/?page_id=189","og_locale":"en_US","og_type":"article","og_title":"Temp\u00e9rature basse dans les classes (en hiver !) -","og_description":"12 d\u00e9cembre 2023 Situation inadmissible \u00e0 l&#8217;\u00e9cole : la chaudi\u00e8re de l\u2019annexe est en panne depuis le vendredi 1er d\u00e9cembre 2023 et les classes de Euria, Ga\u00ebl et V\u00e9ronique ainsi que le dortoir des petites et petits attenant, sans chauffage. Les temp\u00e9ratures sont descendues \u00e0 12\u00b0C, sachant que sous 18\u00b0C la temp\u00e9rature est consid\u00e9r\u00e9e comme [&hellip;]","og_url":"https:\/\/ape-copello.org\/?page_id=189","article_modified_time":"2024-05-16T13:30:16+00:00","twitter_card":"summary_large_image","twitter_misc":{"Est. reading time":"3 minutes"},"schema":{"@context":"https:\/\/schema.org","@graph":[{"@type":"WebPage","@id":"https:\/\/ape-copello.org\/?page_id=189","url":"https:\/\/ape-copello.org\/?page_id=189","name":"Temp\u00e9rature basse dans les classes (en hiver !) -","isPartOf":{"@id":"https:\/\/ape-copello.org\/#website"},"datePublished":"2024-05-16T13:30:15+00:00","dateModified":"2024-05-16T13:30:16+00:00","breadcrumb":{"@id":"https:\/\/ape-copello.org\/?page_id=189#breadcrumb"},"inLanguage":"en-US","potentialAction":[{"@type":"ReadAction","target":["https:\/\/ape-copello.org\/?page_id=189"]}]},{"@type":"BreadcrumbList","@id":"https:\/\/ape-copello.org\/?page_id=189#breadcrumb","itemListElement":[{"@type":"ListItem","position":1,"name":"Accueil","item":"https:\/\/ape-copello.org\/"},{"@type":"ListItem","position":2,"name":"Temp\u00e9rature basse dans les classes (en hiver !)"}]},{"@type":"WebSite","@id":"https:\/\/ape-copello.org\/#website","url":"https:\/\/ape-copello.org\/","name":"","description":"","potentialAction":[{"@type":"SearchAction","target":{"@type":"EntryPoint","urlTemplate":"https:\/\/ape-copello.org\/?s={search_term_string}"},"query-input":{"@type":"PropertyValueSpecification","valueRequired":true,"valueName":"search_term_string"}}],"inLanguage":"en-US"}]}},"_links":{"self":[{"href":"https:\/\/ape-copello.org\/index.php?rest_route=\/wp\/v2\/posts\/189","targetHints":{"allow":["GET"]}}],"collection":[{"href":"https:\/\/ape-copello.org\/index.php?rest_route=\/wp\/v2\/posts"}],"about":[{"href":"https:\/\/ape-copello.org\/index.php?rest_route=\/wp\/v2\/types\/post"}],"author":[{"embeddable":true,"href":"https:\/\/ape-copello.org\/index.php?rest_route=\/wp\/v2\/users\/1"}],"replies":[{"embeddable":true,"href":"https:\/\/ape-copello.org\/index.php?rest_route=%2Fwp%2Fv2%2Fcomments&post=189"}],"version-history":[{"count":0,"href":"https:\/\/ape-copello.org\/index.php?rest_route=\/wp\/v2\/posts\/189\/revisions"}],"wp:attachment":[{"href":"https:\/\/ape-copello.org\/index.php?rest_route=%2Fwp%2Fv2%2Fmedia&parent=189"}],"wp:term":[{"taxonomy":"category","embeddable":true,"href":"https:\/\/ape-copello.org\/index.php?rest_route=%2Fwp%2Fv2%2Fcategories&post=189"},{"taxonomy":"post_tag","embeddable":true,"href":"https:\/\/ape-copello.org\/index.php?rest_route=%2Fwp%2Fv2%2Ftags&post=189"}],"curies":[{"name":"wp","href":"https:\/\/api.w.org\/{rel}","templated":true}]}}